{"id":9823,"date":"2025-10-31T09:39:03","date_gmt":"2025-10-31T08:39:03","guid":{"rendered":"https:\/\/sjloyola.org\/irunea-emakumeok-martxan\/"},"modified":"2025-10-31T09:41:24","modified_gmt":"2025-10-31T08:41:24","slug":"irunea-emakumeok-martxan","status":"publish","type":"post","link":"https:\/\/sjloyola.org\/eu\/irunea-emakumeok-martxan\/","title":{"rendered":"Iru\u00f1ea: &#8220;Emakumeok martxan&#8221;"},"content":{"rendered":"\n<p>Joan den igandean, urriaren 26an, Iru\u00f1eak elkartasuna berretsi zuen berriro ere &#8220;Emakumeok Martxan&#8221; ekitaldiaren ospakizunarekin, San Ignacio Ikastetxeak, Loiola Zentroak, Tuterako Lasa Zentroak eta Alboanek antolatutako ekimena, <strong>bizitza duin eta seguru baten bila migratzera behartuta dauden Erdialdeko Amerikako emakumeei laguntzeko.<\/strong><\/p>\n\n<p>Eguraldi iragarpen txarra izan arren, goizaldetik eskolako, Loyola Zentroko, Dar Salaameko, Arrupe Komunitateko eta V\u00aa Tropa eskaut taldeko dozenaka boluntario, Apymako ama-aitekin batera, eskolako patiora etorri ziren elkartasun egun honetarako dena prest izateko.<\/p>\n\n<p>Eguna <strong>zentroko kaperan egindako Eukaristia batekin hasi zen,<\/strong> <strong>Michael Pastor SJ jesuita eta irakasleak ospatuta,<\/strong> non gatazken, indarkeriaren edo hondamendi naturalen ondorioz etxeak uztera behartuta dauden Erdialdeko Amerikako milaka emakumeak gogoratu ziren.<\/p>\n\n<p>Ondoren, patioa musikaz, txokolatez, gailetaz, txistorraz eta oilasko pintxoz bete zen <strong>,<\/strong> ehunka pertsonek parte hartu zuten elkartasunak eta gizarte atsegin eta abegikor baten aldeko konpromisoak batuta.<\/p>\n\n<p>Eguerdian, taldea eskolako pilotalekura itzuli zen, eta bertan ia 300 lagunek, bertaratutakoak eta boluntarioak barne, janaria, barreak eta adiskidetasuna partekatu zituzten. Arratsaldea familientzako jarduerekin, haurrentzako jolasekin, bingoarekin eta ongintzazko zozketekin, mus txapelketa batekin eta <strong>La Banda del Patio taldearen emanaldiarekin jarraitu zuen,<\/strong> konpromisoz eta elkartasunez betetako egun honetarako amaiera ezin hobea. <\/p>\n\n<p>Egun ahaztezina, bertaratutako boluntario eta familien laguntza eta inplikaziorik gabe posible izango ez zena. Eskerrak eman nahi dizkiegu, halaber, Carretilla, Canasa eta Se\u00f1ot\u00edo de Sarri\u00e1 enpresei ekitaldi solidario honi ematen dioten etengabeko babesagatik. <\/p>\n\n<p>Iturria: <a href=\"https:\/\/www.alboan.org\/es\/noticias\/jornada-solidaria-pamplona-octubre\">Alboan.org<\/a><\/p>\n\n<figure class=\"wp-block-image size-large\"><img loading=\"lazy\" decoding=\"async\" width=\"1024\" height=\"462\" src=\"https:\/\/sjloyola.org\/wp-content\/uploads\/2025\/10\/image-1024x462.avif\" alt=\"\" class=\"wp-image-9818\" srcset=\"https:\/\/sjloyola.org\/wp-content\/uploads\/2025\/10\/image-1024x462.avif 1024w, https:\/\/sjloyola.org\/wp-content\/uploads\/2025\/10\/image-300x135.avif 300w, https:\/\/sjloyola.org\/wp-content\/uploads\/2025\/10\/image-768x347.avif 768w, https:\/\/sjloyola.org\/wp-content\/uploads\/2025\/10\/image-1536x694.avif 1536w, https:\/\/sjloyola.org\/wp-content\/uploads\/2025\/10\/image-1080x488.avif 1080w, https:\/\/sjloyola.org\/wp-content\/uploads\/2025\/10\/image-1280x578.avif 1280w, https:\/\/sjloyola.org\/wp-content\/uploads\/2025\/10\/image-980x443.avif 980w, https:\/\/sjloyola.org\/wp-content\/uploads\/2025\/10\/image-480x217.avif 480w, https:\/\/sjloyola.org\/wp-content\/uploads\/2025\/10\/image.avif 1550w\" sizes=\"(max-width: 1024px) 100vw, 1024px\" \/><\/figure>\n","protected":false},"excerpt":{"rendered":"<p>Joan den igandean, urriaren 26an, Iru\u00f1eak elkartasuna berretsi zuen berriro ere &#8220;Emakumeok Martxan&#8221; ekitaldiaren ospakizunarekin, San Ignacio Ikastetxeak, Loiola Zentroak, Tuterako Lasa Zentroak eta Alboanek antolatutako ekimena, bizitza duin eta [&hellip;]<\/p>\n","protected":false},"author":5,"featured_media":9821,"comment_status":"closed","ping_status":"closed","sticky":false,"template":"","format":"standard","meta":{"_et_pb_use_builder":"","_et_pb_old_content":"","_et_gb_content_width":"","_price":"","_stock":"","_tribe_ticket_header":"","_tribe_default_ticket_provider":"","_ticket_start_date":"","_ticket_end_date":"","_tribe_ticket_show_description":"","_tribe_ticket_show_not_going":false,"_tribe_ticket_use_global_stock":"","_tribe_ticket_global_stock_level":"","_global_stock_mode":"","_global_stock_cap":"","_tribe_rsvp_for_event":"","_tribe_ticket_going_count":"","_tribe_ticket_not_going_count":"","_tribe_tickets_list":"[]","_tribe_ticket_has_attendee_info_fields":false,"footnotes":""},"categories":[307,322,317,327],"tags":[383],"class_list":["post-9823","post","type-post","status-publish","format-standard","has-post-thumbnail","hentry","category-alboan-eu","category-iparraldeko-jhf","category-irunea","category-loiola-zentroa","tag-hospitalitatea"],"yoast_head":"<!-- This site is optimized with the Yoast SEO plugin v27.5 - https:\/\/yoast.com\/product\/yoast-seo-wordpress\/ -->\n<title>Iru\u00f1ea: &quot;Emakumeok martxan&quot; - Jesuitas Loyola<\/title>\n<meta name=\"robots\" content=\"index, follow, max-snippet:-1, max-image-preview:large, max-video-preview:-1\" \/>\n<link rel=\"canonical\" href=\"https:\/\/sjloyola.org\/eu\/irunea-emakumeok-martxan\/\" \/>\n<meta property=\"og:locale\" content=\"eu_ES\" \/>\n<meta property=\"og:type\" content=\"article\" \/>\n<meta property=\"og:title\" content=\"Iru\u00f1ea: &quot;Emakumeok martxan&quot; - Jesuitas Loyola\" \/>\n<meta property=\"og:description\" content=\"Joan den igandean, urriaren 26an, Iru\u00f1eak elkartasuna berretsi zuen berriro ere &#8220;Emakumeok Martxan&#8221; ekitaldiaren ospakizunarekin, San Ignacio Ikastetxeak, Loiola Zentroak, Tuterako Lasa Zentroak eta Alboanek antolatutako ekimena, bizitza duin eta [&hellip;]\" \/>\n<meta property=\"og:url\" content=\"https:\/\/sjloyola.org\/eu\/irunea-emakumeok-martxan\/\" \/>\n<meta property=\"og:site_name\" content=\"Jesuitas Loyola\" \/>\n<meta property=\"article:published_time\" content=\"2025-10-31T08:39:03+00:00\" \/>\n<meta property=\"article:modified_time\" content=\"2025-10-31T08:41:24+00:00\" \/>\n<meta property=\"og:image\" content=\"https:\/\/sjloyola.org\/wp-content\/uploads\/2025\/10\/2025marcha-solidaria-pamplona.avif\" \/>\n\t<meta property=\"og:image:width\" content=\"1244\" \/>\n\t<meta property=\"og:image:height\" content=\"700\" \/>\n\t<meta property=\"og:image:type\" content=\"image\/jpeg\" \/>\n<meta name=\"author\" content=\"Vicente Marcuello\" \/>\n<meta name=\"twitter:card\" content=\"summary_large_image\" \/>\n<meta name=\"twitter:label1\" content=\"Written by\" \/>\n\t<meta name=\"twitter:data1\" content=\"Vicente Marcuello\" \/>\n\t<meta name=\"twitter:label2\" content=\"Est. reading time\" \/>\n\t<meta name=\"twitter:data2\" content=\"1 minute\" \/>\n<script type=\"application\/ld+json\" class=\"yoast-schema-graph\">{\"@context\":\"https:\\\/\\\/schema.org\",\"@graph\":[{\"@type\":\"Article\",\"@id\":\"https:\\\/\\\/sjloyola.org\\\/eu\\\/irunea-emakumeok-martxan\\\/#article\",\"isPartOf\":{\"@id\":\"https:\\\/\\\/sjloyola.org\\\/eu\\\/irunea-emakumeok-martxan\\\/\"},\"author\":{\"name\":\"Vicente Marcuello\",\"@id\":\"https:\\\/\\\/sjloyola.org\\\/eu\\\/#\\\/schema\\\/person\\\/91965d30e7fbf328542b4fc71e943604\"},\"headline\":\"Iru\u00f1ea: &#8220;Emakumeok martxan&#8221;\",\"datePublished\":\"2025-10-31T08:39:03+00:00\",\"dateModified\":\"2025-10-31T08:41:24+00:00\",\"mainEntityOfPage\":{\"@id\":\"https:\\\/\\\/sjloyola.org\\\/eu\\\/irunea-emakumeok-martxan\\\/\"},\"wordCount\":224,\"image\":{\"@id\":\"https:\\\/\\\/sjloyola.org\\\/eu\\\/irunea-emakumeok-martxan\\\/#primaryimage\"},\"thumbnailUrl\":\"https:\\\/\\\/sjloyola.org\\\/wp-content\\\/uploads\\\/2025\\\/10\\\/2025marcha-solidaria-pamplona.avif\",\"keywords\":[\"Hospitalitatea\"],\"articleSection\":[\"Alboan\",\"Iparraldeko JHF\",\"Iru\u00f1ea\",\"Loiola Zentroa\"],\"inLanguage\":\"eu-ES\"},{\"@type\":\"WebPage\",\"@id\":\"https:\\\/\\\/sjloyola.org\\\/eu\\\/irunea-emakumeok-martxan\\\/\",\"url\":\"https:\\\/\\\/sjloyola.org\\\/eu\\\/irunea-emakumeok-martxan\\\/\",\"name\":\"Iru\u00f1ea: \\\"Emakumeok martxan\\\" - Jesuitas Loyola\",\"isPartOf\":{\"@id\":\"https:\\\/\\\/sjloyola.org\\\/eu\\\/#website\"},\"primaryImageOfPage\":{\"@id\":\"https:\\\/\\\/sjloyola.org\\\/eu\\\/irunea-emakumeok-martxan\\\/#primaryimage\"},\"image\":{\"@id\":\"https:\\\/\\\/sjloyola.org\\\/eu\\\/irunea-emakumeok-martxan\\\/#primaryimage\"},\"thumbnailUrl\":\"https:\\\/\\\/sjloyola.org\\\/wp-content\\\/uploads\\\/2025\\\/10\\\/2025marcha-solidaria-pamplona.avif\",\"datePublished\":\"2025-10-31T08:39:03+00:00\",\"dateModified\":\"2025-10-31T08:41:24+00:00\",\"author\":{\"@id\":\"https:\\\/\\\/sjloyola.org\\\/eu\\\/#\\\/schema\\\/person\\\/91965d30e7fbf328542b4fc71e943604\"},\"breadcrumb\":{\"@id\":\"https:\\\/\\\/sjloyola.org\\\/eu\\\/irunea-emakumeok-martxan\\\/#breadcrumb\"},\"inLanguage\":\"eu-ES\",\"potentialAction\":[{\"@type\":\"ReadAction\",\"target\":[\"https:\\\/\\\/sjloyola.org\\\/eu\\\/irunea-emakumeok-martxan\\\/\"]}]},{\"@type\":\"ImageObject\",\"inLanguage\":\"eu-ES\",\"@id\":\"https:\\\/\\\/sjloyola.org\\\/eu\\\/irunea-emakumeok-martxan\\\/#primaryimage\",\"url\":\"https:\\\/\\\/sjloyola.org\\\/wp-content\\\/uploads\\\/2025\\\/10\\\/2025marcha-solidaria-pamplona.avif\",\"contentUrl\":\"https:\\\/\\\/sjloyola.org\\\/wp-content\\\/uploads\\\/2025\\\/10\\\/2025marcha-solidaria-pamplona.avif\",\"width\":1244,\"height\":700},{\"@type\":\"BreadcrumbList\",\"@id\":\"https:\\\/\\\/sjloyola.org\\\/eu\\\/irunea-emakumeok-martxan\\\/#breadcrumb\",\"itemListElement\":[{\"@type\":\"ListItem\",\"position\":1,\"name\":\"Portada\",\"item\":\"https:\\\/\\\/sjloyola.org\\\/eu\\\/kantabria-errioxa-euskadi-eta-nafarroako-jesuitak\\\/\"},{\"@type\":\"ListItem\",\"position\":2,\"name\":\"Iru\u00f1ea: &#8220;Emakumeok martxan&#8221;\"}]},{\"@type\":\"WebSite\",\"@id\":\"https:\\\/\\\/sjloyola.org\\\/eu\\\/#website\",\"url\":\"https:\\\/\\\/sjloyola.org\\\/eu\\\/\",\"name\":\"Jesuitas Loyola\",\"description\":\"Plataforma Apost\u00f3lica de los Jesuitas en Cantabria, Pa\u00eds Vasco y Navarra\",\"potentialAction\":[{\"@type\":\"SearchAction\",\"target\":{\"@type\":\"EntryPoint\",\"urlTemplate\":\"https:\\\/\\\/sjloyola.org\\\/eu\\\/?s={search_term_string}\"},\"query-input\":{\"@type\":\"PropertyValueSpecification\",\"valueRequired\":true,\"valueName\":\"search_term_string\"}}],\"inLanguage\":\"eu-ES\"},{\"@type\":\"Person\",\"@id\":\"https:\\\/\\\/sjloyola.org\\\/eu\\\/#\\\/schema\\\/person\\\/91965d30e7fbf328542b4fc71e943604\",\"name\":\"Vicente Marcuello\",\"image\":{\"@type\":\"ImageObject\",\"inLanguage\":\"eu-ES\",\"@id\":\"https:\\\/\\\/secure.gravatar.com\\\/avatar\\\/6f820696a75d9dbfe4f371018a143e0c897ac0a40f8bc362086bdbf39693184d?s=96&d=mm&r=g\",\"url\":\"https:\\\/\\\/secure.gravatar.com\\\/avatar\\\/6f820696a75d9dbfe4f371018a143e0c897ac0a40f8bc362086bdbf39693184d?s=96&d=mm&r=g\",\"contentUrl\":\"https:\\\/\\\/secure.gravatar.com\\\/avatar\\\/6f820696a75d9dbfe4f371018a143e0c897ac0a40f8bc362086bdbf39693184d?s=96&d=mm&r=g\",\"caption\":\"Vicente Marcuello\"},\"url\":\"https:\\\/\\\/sjloyola.org\\\/eu\\\/author\\\/vicente\\\/\"}]}<\/script>\n<!-- \/ Yoast SEO plugin. -->","yoast_head_json":{"title":"Iru\u00f1ea: \"Emakumeok martxan\" - Jesuitas Loyola","robots":{"index":"index","follow":"follow","max-snippet":"max-snippet:-1","max-image-preview":"max-image-preview:large","max-video-preview":"max-video-preview:-1"},"canonical":"https:\/\/sjloyola.org\/eu\/irunea-emakumeok-martxan\/","og_locale":"eu_ES","og_type":"article","og_title":"Iru\u00f1ea: \"Emakumeok martxan\" - Jesuitas Loyola","og_description":"Joan den igandean, urriaren 26an, Iru\u00f1eak elkartasuna berretsi zuen berriro ere &#8220;Emakumeok Martxan&#8221; ekitaldiaren ospakizunarekin, San Ignacio Ikastetxeak, Loiola Zentroak, Tuterako Lasa Zentroak eta Alboanek antolatutako ekimena, bizitza duin eta [&hellip;]","og_url":"https:\/\/sjloyola.org\/eu\/irunea-emakumeok-martxan\/","og_site_name":"Jesuitas Loyola","article_published_time":"2025-10-31T08:39:03+00:00","article_modified_time":"2025-10-31T08:41:24+00:00","og_image":[{"width":1244,"height":700,"url":"https:\/\/sjloyola.org\/wp-content\/uploads\/2025\/10\/2025marcha-solidaria-pamplona.avif","type":"image\/jpeg"}],"author":"Vicente Marcuello","twitter_card":"summary_large_image","twitter_misc":{"Written by":"Vicente Marcuello","Est. reading time":"1 minute"},"schema":{"@context":"https:\/\/schema.org","@graph":[{"@type":"Article","@id":"https:\/\/sjloyola.org\/eu\/irunea-emakumeok-martxan\/#article","isPartOf":{"@id":"https:\/\/sjloyola.org\/eu\/irunea-emakumeok-martxan\/"},"author":{"name":"Vicente Marcuello","@id":"https:\/\/sjloyola.org\/eu\/#\/schema\/person\/91965d30e7fbf328542b4fc71e943604"},"headline":"Iru\u00f1ea: &#8220;Emakumeok martxan&#8221;","datePublished":"2025-10-31T08:39:03+00:00","dateModified":"2025-10-31T08:41:24+00:00","mainEntityOfPage":{"@id":"https:\/\/sjloyola.org\/eu\/irunea-emakumeok-martxan\/"},"wordCount":224,"image":{"@id":"https:\/\/sjloyola.org\/eu\/irunea-emakumeok-martxan\/#primaryimage"},"thumbnailUrl":"https:\/\/sjloyola.org\/wp-content\/uploads\/2025\/10\/2025marcha-solidaria-pamplona.avif","keywords":["Hospitalitatea"],"articleSection":["Alboan","Iparraldeko JHF","Iru\u00f1ea","Loiola Zentroa"],"inLanguage":"eu-ES"},{"@type":"WebPage","@id":"https:\/\/sjloyola.org\/eu\/irunea-emakumeok-martxan\/","url":"https:\/\/sjloyola.org\/eu\/irunea-emakumeok-martxan\/","name":"Iru\u00f1ea: \"Emakumeok martxan\" - Jesuitas Loyola","isPartOf":{"@id":"https:\/\/sjloyola.org\/eu\/#website"},"primaryImageOfPage":{"@id":"https:\/\/sjloyola.org\/eu\/irunea-emakumeok-martxan\/#primaryimage"},"image":{"@id":"https:\/\/sjloyola.org\/eu\/irunea-emakumeok-martxan\/#primaryimage"},"thumbnailUrl":"https:\/\/sjloyola.org\/wp-content\/uploads\/2025\/10\/2025marcha-solidaria-pamplona.avif","datePublished":"2025-10-31T08:39:03+00:00","dateModified":"2025-10-31T08:41:24+00:00","author":{"@id":"https:\/\/sjloyola.org\/eu\/#\/schema\/person\/91965d30e7fbf328542b4fc71e943604"},"breadcrumb":{"@id":"https:\/\/sjloyola.org\/eu\/irunea-emakumeok-martxan\/#breadcrumb"},"inLanguage":"eu-ES","potentialAction":[{"@type":"ReadAction","target":["https:\/\/sjloyola.org\/eu\/irunea-emakumeok-martxan\/"]}]},{"@type":"ImageObject","inLanguage":"eu-ES","@id":"https:\/\/sjloyola.org\/eu\/irunea-emakumeok-martxan\/#primaryimage","url":"https:\/\/sjloyola.org\/wp-content\/uploads\/2025\/10\/2025marcha-solidaria-pamplona.avif","contentUrl":"https:\/\/sjloyola.org\/wp-content\/uploads\/2025\/10\/2025marcha-solidaria-pamplona.avif","width":1244,"height":700},{"@type":"BreadcrumbList","@id":"https:\/\/sjloyola.org\/eu\/irunea-emakumeok-martxan\/#breadcrumb","itemListElement":[{"@type":"ListItem","position":1,"name":"Portada","item":"https:\/\/sjloyola.org\/eu\/kantabria-errioxa-euskadi-eta-nafarroako-jesuitak\/"},{"@type":"ListItem","position":2,"name":"Iru\u00f1ea: &#8220;Emakumeok martxan&#8221;"}]},{"@type":"WebSite","@id":"https:\/\/sjloyola.org\/eu\/#website","url":"https:\/\/sjloyola.org\/eu\/","name":"Jesuitas Loyola","description":"Plataforma Apost\u00f3lica de los Jesuitas en Cantabria, Pa\u00eds Vasco y Navarra","potentialAction":[{"@type":"SearchAction","target":{"@type":"EntryPoint","urlTemplate":"https:\/\/sjloyola.org\/eu\/?s={search_term_string}"},"query-input":{"@type":"PropertyValueSpecification","valueRequired":true,"valueName":"search_term_string"}}],"inLanguage":"eu-ES"},{"@type":"Person","@id":"https:\/\/sjloyola.org\/eu\/#\/schema\/person\/91965d30e7fbf328542b4fc71e943604","name":"Vicente Marcuello","image":{"@type":"ImageObject","inLanguage":"eu-ES","@id":"https:\/\/secure.gravatar.com\/avatar\/6f820696a75d9dbfe4f371018a143e0c897ac0a40f8bc362086bdbf39693184d?s=96&d=mm&r=g","url":"https:\/\/secure.gravatar.com\/avatar\/6f820696a75d9dbfe4f371018a143e0c897ac0a40f8bc362086bdbf39693184d?s=96&d=mm&r=g","contentUrl":"https:\/\/secure.gravatar.com\/avatar\/6f820696a75d9dbfe4f371018a143e0c897ac0a40f8bc362086bdbf39693184d?s=96&d=mm&r=g","caption":"Vicente Marcuello"},"url":"https:\/\/sjloyola.org\/eu\/author\/vicente\/"}]}},"_links":{"self":[{"href":"https:\/\/sjloyola.org\/eu\/wp-json\/wp\/v2\/posts\/9823","targetHints":{"allow":["GET"]}}],"collection":[{"href":"https:\/\/sjloyola.org\/eu\/wp-json\/wp\/v2\/posts"}],"about":[{"href":"https:\/\/sjloyola.org\/eu\/wp-json\/wp\/v2\/types\/post"}],"author":[{"embeddable":true,"href":"https:\/\/sjloyola.org\/eu\/wp-json\/wp\/v2\/users\/5"}],"replies":[{"embeddable":true,"href":"https:\/\/sjloyola.org\/eu\/wp-json\/wp\/v2\/comments?post=9823"}],"version-history":[{"count":1,"href":"https:\/\/sjloyola.org\/eu\/wp-json\/wp\/v2\/posts\/9823\/revisions"}],"predecessor-version":[{"id":9824,"href":"https:\/\/sjloyola.org\/eu\/wp-json\/wp\/v2\/posts\/9823\/revisions\/9824"}],"wp:featuredmedia":[{"embeddable":true,"href":"https:\/\/sjloyola.org\/eu\/wp-json\/wp\/v2\/media\/9821"}],"wp:attachment":[{"href":"https:\/\/sjloyola.org\/eu\/wp-json\/wp\/v2\/media?parent=9823"}],"wp:term":[{"taxonomy":"category","embeddable":true,"href":"https:\/\/sjloyola.org\/eu\/wp-json\/wp\/v2\/categories?post=9823"},{"taxonomy":"post_tag","embeddable":true,"href":"https:\/\/sjloyola.org\/eu\/wp-json\/wp\/v2\/tags?post=9823"}],"curies":[{"name":"wp","href":"https:\/\/api.w.org\/{rel}","templated":true}]}}