{"id":9801,"date":"2025-10-29T08:43:54","date_gmt":"2025-10-29T07:43:54","guid":{"rendered":"https:\/\/sjloyola.org\/jose-ramon-scheifler-sj-ri-omenaldia\/"},"modified":"2025-10-31T09:41:49","modified_gmt":"2025-10-31T08:41:49","slug":"jose-ramon-scheifler-sj-ri-omenaldia","status":"publish","type":"post","link":"https:\/\/sjloyola.org\/eu\/jose-ramon-scheifler-sj-ri-omenaldia\/","title":{"rendered":"Jos\u00e9 Ram\u00f3n Scheifler sj-ri omenaldia"},"content":{"rendered":"\n<p>Urriaren 24an, ostiralean, Jos\u00e9 Ram\u00f3n Scheifler Am\u00e9zaga gogoratzeko bildu ginen, bilbotar ospetsua, zeinaren bizitzak familia-sustraien, bokazio espiritualaren eta ezagutzarekiko maitasunaren arteko batasuna islatzen duen.<br\/><br\/>1920an jaio zen, Barroeta Aldamar kalean, maitasunez, ikasketaz eta itxaropenez betetako etxe batean. Etxe hori izan zen bere lehen eskola: batasun lekua, hitz partekatuen lekua, isilune esanguratsuen lekua.<br\/> Familiarengandik jaso zituen bere lanaren indarra eta fedearen ausardia. Bere aitona, Gustav Scheifler, Bohemiatik etorri zen, Bilboko burdin eta industria barrutiak erakarrita. Bertan errotu zen, geroago Jos\u00e9 Ram\u00f3nek egingo zuen bezala, bere ondarea konpromiso eta bokazio bihurtuz.<br\/> Bere haurtzaroa xumea eta alaia izan zen: Ber\u00e1stegui eskolak, De La Salle anaiak, Albia lorategietan jolasean, etxean irakurketa amaigabea. Orrialde horietan, ezagutza zerbitzu mota bat, maitasun mota bat izan zitekeela aurkitu zuen.    <br\/><br\/>Bere bidea laster batu zen Jesusen Lagundiarekin, baita bere anaia batzuenarekin ere. Bertan, fedea bizitzeko modu sakona aurkitu zuen: hausnartuz, irakatsiz eta besteen zerbitzura jarriz. <br\/><br\/><a href=\"https:\/\/www.linkedin.com\/company\/deusto\/\">Deustuko Unibertsitatean<\/a> , haren presentziak akademikoa baino haratago doan arrastoa utzi zuen: gizatasunaren irakasle izan zen, koherentziaren lekuko, egiaren bilatzaile nekaezina.<br\/><br\/>Bere bizitza, laburbilduz, sustraien eta horizonteen sintesi bat izan zen: Barroeta Aldamarren seme bitxia, irakaskuntzari eskainitako jesuita, ikasteari inoiz utzi ez zion gizona.<br\/><br\/>Gaur, hura gogoratzen dugunean, geure buruari ere begiratzen diogu: zer arrasto utzi nahi dugu? Nola bihurtu gure bizitzak ondare?<br\/><br\/>Omenaldia egiteaz gain, esker oneko gaude haren adibideagatik, unibertsitateak \u2014fedeak eta bizitzak bezala\u2014 besteen zerbitzura dagoenean bakarrik zentzua duela uste dugunontzat inspiratzen jarraitzen baitu. Mila esker.  <\/p>\n\n<p>Juan Jos\u00e9 Etxeberria, Deustuko Unibertsitateko errektorea<\/p>\n","protected":false},"excerpt":{"rendered":"<p>Urriaren 24an, ostiralean, Jos\u00e9 Ram\u00f3n Scheifler Am\u00e9zaga gogoratzeko bildu ginen, bilbotar ospetsua, zeinaren bizitzak familia-sustraien, bokazio espiritualaren eta ezagutzarekiko maitasunaren arteko batasuna islatzen duen. 1920an jaio zen, Barroeta Aldamar kalean, [&hellip;]<\/p>\n","protected":false},"author":5,"featured_media":9799,"comment_status":"closed","ping_status":"closed","sticky":false,"template":"","format":"standard","meta":{"_et_pb_use_builder":"","_et_pb_old_content":"","_et_gb_content_width":"","_price":"","_stock":"","_tribe_ticket_header":"","_tribe_default_ticket_provider":"","_ticket_start_date":"","_ticket_end_date":"","_tribe_ticket_show_description":"","_tribe_ticket_show_not_going":false,"_tribe_ticket_use_global_stock":"","_tribe_ticket_global_stock_level":"","_global_stock_mode":"","_global_stock_cap":"","_tribe_rsvp_for_event":"","_tribe_ticket_going_count":"","_tribe_ticket_not_going_count":"","_tribe_tickets_list":"[]","_tribe_ticket_has_attendee_info_fields":false,"footnotes":""},"categories":[314,287],"tags":[375],"class_list":["post-9801","post","type-post","status-publish","format-standard","has-post-thumbnail","hentry","category-bilbo","category-deusto-eu","tag-deustuko-unibertsitatea"],"yoast_head":"<!-- This site is optimized with the Yoast SEO plugin v27.5 - https:\/\/yoast.com\/product\/yoast-seo-wordpress\/ -->\n<title>Jos\u00e9 Ram\u00f3n Scheifler sj-ri omenaldia - Jesuitas Loyola<\/title>\n<meta name=\"robots\" content=\"index, follow, max-snippet:-1, max-image-preview:large, max-video-preview:-1\" \/>\n<link rel=\"canonical\" href=\"https:\/\/sjloyola.org\/eu\/jose-ramon-scheifler-sj-ri-omenaldia\/\" \/>\n<meta property=\"og:locale\" content=\"eu_ES\" \/>\n<meta property=\"og:type\" content=\"article\" \/>\n<meta property=\"og:title\" content=\"Jos\u00e9 Ram\u00f3n Scheifler sj-ri omenaldia - Jesuitas Loyola\" \/>\n<meta property=\"og:description\" content=\"Urriaren 24an, ostiralean, Jos\u00e9 Ram\u00f3n Scheifler Am\u00e9zaga gogoratzeko bildu ginen, bilbotar ospetsua, zeinaren bizitzak familia-sustraien, bokazio espiritualaren eta ezagutzarekiko maitasunaren arteko batasuna islatzen duen. 1920an jaio zen, Barroeta Aldamar kalean, [&hellip;]\" \/>\n<meta property=\"og:url\" content=\"https:\/\/sjloyola.org\/eu\/jose-ramon-scheifler-sj-ri-omenaldia\/\" \/>\n<meta property=\"og:site_name\" content=\"Jesuitas Loyola\" \/>\n<meta property=\"article:published_time\" content=\"2025-10-29T07:43:54+00:00\" \/>\n<meta property=\"article:modified_time\" content=\"2025-10-31T08:41:49+00:00\" \/>\n<meta property=\"og:image\" content=\"https:\/\/sjloyola.org\/wp-content\/uploads\/2025\/10\/Scheifler-1.avif\" \/>\n\t<meta property=\"og:image:width\" content=\"1847\" \/>\n\t<meta property=\"og:image:height\" content=\"1039\" \/>\n\t<meta property=\"og:image:type\" content=\"image\/jpeg\" \/>\n<meta name=\"author\" content=\"Vicente Marcuello\" \/>\n<meta name=\"twitter:card\" content=\"summary_large_image\" \/>\n<meta name=\"twitter:label1\" content=\"Written by\" \/>\n\t<meta name=\"twitter:data1\" content=\"Vicente Marcuello\" \/>\n\t<meta name=\"twitter:label2\" content=\"Est. reading time\" \/>\n\t<meta name=\"twitter:data2\" content=\"1 minute\" \/>\n<script type=\"application\/ld+json\" class=\"yoast-schema-graph\">{\"@context\":\"https:\\\/\\\/schema.org\",\"@graph\":[{\"@type\":\"Article\",\"@id\":\"https:\\\/\\\/sjloyola.org\\\/eu\\\/jose-ramon-scheifler-sj-ri-omenaldia\\\/#article\",\"isPartOf\":{\"@id\":\"https:\\\/\\\/sjloyola.org\\\/eu\\\/jose-ramon-scheifler-sj-ri-omenaldia\\\/\"},\"author\":{\"name\":\"Vicente Marcuello\",\"@id\":\"https:\\\/\\\/sjloyola.org\\\/eu\\\/#\\\/schema\\\/person\\\/91965d30e7fbf328542b4fc71e943604\"},\"headline\":\"Jos\u00e9 Ram\u00f3n Scheifler sj-ri omenaldia\",\"datePublished\":\"2025-10-29T07:43:54+00:00\",\"dateModified\":\"2025-10-31T08:41:49+00:00\",\"mainEntityOfPage\":{\"@id\":\"https:\\\/\\\/sjloyola.org\\\/eu\\\/jose-ramon-scheifler-sj-ri-omenaldia\\\/\"},\"wordCount\":250,\"image\":{\"@id\":\"https:\\\/\\\/sjloyola.org\\\/eu\\\/jose-ramon-scheifler-sj-ri-omenaldia\\\/#primaryimage\"},\"thumbnailUrl\":\"https:\\\/\\\/sjloyola.org\\\/wp-content\\\/uploads\\\/2025\\\/10\\\/Scheifler-1.avif\",\"keywords\":[\"Deustuko unibertsitatea\"],\"articleSection\":[\"Bilbo\",\"DEUSTO\"],\"inLanguage\":\"eu-ES\"},{\"@type\":\"WebPage\",\"@id\":\"https:\\\/\\\/sjloyola.org\\\/eu\\\/jose-ramon-scheifler-sj-ri-omenaldia\\\/\",\"url\":\"https:\\\/\\\/sjloyola.org\\\/eu\\\/jose-ramon-scheifler-sj-ri-omenaldia\\\/\",\"name\":\"Jos\u00e9 Ram\u00f3n Scheifler sj-ri omenaldia - Jesuitas Loyola\",\"isPartOf\":{\"@id\":\"https:\\\/\\\/sjloyola.org\\\/eu\\\/#website\"},\"primaryImageOfPage\":{\"@id\":\"https:\\\/\\\/sjloyola.org\\\/eu\\\/jose-ramon-scheifler-sj-ri-omenaldia\\\/#primaryimage\"},\"image\":{\"@id\":\"https:\\\/\\\/sjloyola.org\\\/eu\\\/jose-ramon-scheifler-sj-ri-omenaldia\\\/#primaryimage\"},\"thumbnailUrl\":\"https:\\\/\\\/sjloyola.org\\\/wp-content\\\/uploads\\\/2025\\\/10\\\/Scheifler-1.avif\",\"datePublished\":\"2025-10-29T07:43:54+00:00\",\"dateModified\":\"2025-10-31T08:41:49+00:00\",\"author\":{\"@id\":\"https:\\\/\\\/sjloyola.org\\\/eu\\\/#\\\/schema\\\/person\\\/91965d30e7fbf328542b4fc71e943604\"},\"breadcrumb\":{\"@id\":\"https:\\\/\\\/sjloyola.org\\\/eu\\\/jose-ramon-scheifler-sj-ri-omenaldia\\\/#breadcrumb\"},\"inLanguage\":\"eu-ES\",\"potentialAction\":[{\"@type\":\"ReadAction\",\"target\":[\"https:\\\/\\\/sjloyola.org\\\/eu\\\/jose-ramon-scheifler-sj-ri-omenaldia\\\/\"]}]},{\"@type\":\"ImageObject\",\"inLanguage\":\"eu-ES\",\"@id\":\"https:\\\/\\\/sjloyola.org\\\/eu\\\/jose-ramon-scheifler-sj-ri-omenaldia\\\/#primaryimage\",\"url\":\"https:\\\/\\\/sjloyola.org\\\/wp-content\\\/uploads\\\/2025\\\/10\\\/Scheifler-1.avif\",\"contentUrl\":\"https:\\\/\\\/sjloyola.org\\\/wp-content\\\/uploads\\\/2025\\\/10\\\/Scheifler-1.avif\",\"width\":1847,\"height\":1039},{\"@type\":\"BreadcrumbList\",\"@id\":\"https:\\\/\\\/sjloyola.org\\\/eu\\\/jose-ramon-scheifler-sj-ri-omenaldia\\\/#breadcrumb\",\"itemListElement\":[{\"@type\":\"ListItem\",\"position\":1,\"name\":\"Portada\",\"item\":\"https:\\\/\\\/sjloyola.org\\\/eu\\\/kantabria-errioxa-euskadi-eta-nafarroako-jesuitak\\\/\"},{\"@type\":\"ListItem\",\"position\":2,\"name\":\"Jos\u00e9 Ram\u00f3n Scheifler sj-ri omenaldia\"}]},{\"@type\":\"WebSite\",\"@id\":\"https:\\\/\\\/sjloyola.org\\\/eu\\\/#website\",\"url\":\"https:\\\/\\\/sjloyola.org\\\/eu\\\/\",\"name\":\"Jesuitas Loyola\",\"description\":\"Plataforma Apost\u00f3lica de los Jesuitas en Cantabria, Pa\u00eds Vasco y Navarra\",\"potentialAction\":[{\"@type\":\"SearchAction\",\"target\":{\"@type\":\"EntryPoint\",\"urlTemplate\":\"https:\\\/\\\/sjloyola.org\\\/eu\\\/?s={search_term_string}\"},\"query-input\":{\"@type\":\"PropertyValueSpecification\",\"valueRequired\":true,\"valueName\":\"search_term_string\"}}],\"inLanguage\":\"eu-ES\"},{\"@type\":\"Person\",\"@id\":\"https:\\\/\\\/sjloyola.org\\\/eu\\\/#\\\/schema\\\/person\\\/91965d30e7fbf328542b4fc71e943604\",\"name\":\"Vicente Marcuello\",\"image\":{\"@type\":\"ImageObject\",\"inLanguage\":\"eu-ES\",\"@id\":\"https:\\\/\\\/secure.gravatar.com\\\/avatar\\\/6f820696a75d9dbfe4f371018a143e0c897ac0a40f8bc362086bdbf39693184d?s=96&d=mm&r=g\",\"url\":\"https:\\\/\\\/secure.gravatar.com\\\/avatar\\\/6f820696a75d9dbfe4f371018a143e0c897ac0a40f8bc362086bdbf39693184d?s=96&d=mm&r=g\",\"contentUrl\":\"https:\\\/\\\/secure.gravatar.com\\\/avatar\\\/6f820696a75d9dbfe4f371018a143e0c897ac0a40f8bc362086bdbf39693184d?s=96&d=mm&r=g\",\"caption\":\"Vicente Marcuello\"},\"url\":\"https:\\\/\\\/sjloyola.org\\\/eu\\\/author\\\/vicente\\\/\"}]}<\/script>\n<!-- \/ Yoast SEO plugin. -->","yoast_head_json":{"title":"Jos\u00e9 Ram\u00f3n Scheifler sj-ri omenaldia - Jesuitas Loyola","robots":{"index":"index","follow":"follow","max-snippet":"max-snippet:-1","max-image-preview":"max-image-preview:large","max-video-preview":"max-video-preview:-1"},"canonical":"https:\/\/sjloyola.org\/eu\/jose-ramon-scheifler-sj-ri-omenaldia\/","og_locale":"eu_ES","og_type":"article","og_title":"Jos\u00e9 Ram\u00f3n Scheifler sj-ri omenaldia - Jesuitas Loyola","og_description":"Urriaren 24an, ostiralean, Jos\u00e9 Ram\u00f3n Scheifler Am\u00e9zaga gogoratzeko bildu ginen, bilbotar ospetsua, zeinaren bizitzak familia-sustraien, bokazio espiritualaren eta ezagutzarekiko maitasunaren arteko batasuna islatzen duen. 1920an jaio zen, Barroeta Aldamar kalean, [&hellip;]","og_url":"https:\/\/sjloyola.org\/eu\/jose-ramon-scheifler-sj-ri-omenaldia\/","og_site_name":"Jesuitas Loyola","article_published_time":"2025-10-29T07:43:54+00:00","article_modified_time":"2025-10-31T08:41:49+00:00","og_image":[{"width":1847,"height":1039,"url":"https:\/\/sjloyola.org\/wp-content\/uploads\/2025\/10\/Scheifler-1.avif","type":"image\/jpeg"}],"author":"Vicente Marcuello","twitter_card":"summary_large_image","twitter_misc":{"Written by":"Vicente Marcuello","Est. reading time":"1 minute"},"schema":{"@context":"https:\/\/schema.org","@graph":[{"@type":"Article","@id":"https:\/\/sjloyola.org\/eu\/jose-ramon-scheifler-sj-ri-omenaldia\/#article","isPartOf":{"@id":"https:\/\/sjloyola.org\/eu\/jose-ramon-scheifler-sj-ri-omenaldia\/"},"author":{"name":"Vicente Marcuello","@id":"https:\/\/sjloyola.org\/eu\/#\/schema\/person\/91965d30e7fbf328542b4fc71e943604"},"headline":"Jos\u00e9 Ram\u00f3n Scheifler sj-ri omenaldia","datePublished":"2025-10-29T07:43:54+00:00","dateModified":"2025-10-31T08:41:49+00:00","mainEntityOfPage":{"@id":"https:\/\/sjloyola.org\/eu\/jose-ramon-scheifler-sj-ri-omenaldia\/"},"wordCount":250,"image":{"@id":"https:\/\/sjloyola.org\/eu\/jose-ramon-scheifler-sj-ri-omenaldia\/#primaryimage"},"thumbnailUrl":"https:\/\/sjloyola.org\/wp-content\/uploads\/2025\/10\/Scheifler-1.avif","keywords":["Deustuko unibertsitatea"],"articleSection":["Bilbo","DEUSTO"],"inLanguage":"eu-ES"},{"@type":"WebPage","@id":"https:\/\/sjloyola.org\/eu\/jose-ramon-scheifler-sj-ri-omenaldia\/","url":"https:\/\/sjloyola.org\/eu\/jose-ramon-scheifler-sj-ri-omenaldia\/","name":"Jos\u00e9 Ram\u00f3n Scheifler sj-ri omenaldia - Jesuitas Loyola","isPartOf":{"@id":"https:\/\/sjloyola.org\/eu\/#website"},"primaryImageOfPage":{"@id":"https:\/\/sjloyola.org\/eu\/jose-ramon-scheifler-sj-ri-omenaldia\/#primaryimage"},"image":{"@id":"https:\/\/sjloyola.org\/eu\/jose-ramon-scheifler-sj-ri-omenaldia\/#primaryimage"},"thumbnailUrl":"https:\/\/sjloyola.org\/wp-content\/uploads\/2025\/10\/Scheifler-1.avif","datePublished":"2025-10-29T07:43:54+00:00","dateModified":"2025-10-31T08:41:49+00:00","author":{"@id":"https:\/\/sjloyola.org\/eu\/#\/schema\/person\/91965d30e7fbf328542b4fc71e943604"},"breadcrumb":{"@id":"https:\/\/sjloyola.org\/eu\/jose-ramon-scheifler-sj-ri-omenaldia\/#breadcrumb"},"inLanguage":"eu-ES","potentialAction":[{"@type":"ReadAction","target":["https:\/\/sjloyola.org\/eu\/jose-ramon-scheifler-sj-ri-omenaldia\/"]}]},{"@type":"ImageObject","inLanguage":"eu-ES","@id":"https:\/\/sjloyola.org\/eu\/jose-ramon-scheifler-sj-ri-omenaldia\/#primaryimage","url":"https:\/\/sjloyola.org\/wp-content\/uploads\/2025\/10\/Scheifler-1.avif","contentUrl":"https:\/\/sjloyola.org\/wp-content\/uploads\/2025\/10\/Scheifler-1.avif","width":1847,"height":1039},{"@type":"BreadcrumbList","@id":"https:\/\/sjloyola.org\/eu\/jose-ramon-scheifler-sj-ri-omenaldia\/#breadcrumb","itemListElement":[{"@type":"ListItem","position":1,"name":"Portada","item":"https:\/\/sjloyola.org\/eu\/kantabria-errioxa-euskadi-eta-nafarroako-jesuitak\/"},{"@type":"ListItem","position":2,"name":"Jos\u00e9 Ram\u00f3n Scheifler sj-ri omenaldia"}]},{"@type":"WebSite","@id":"https:\/\/sjloyola.org\/eu\/#website","url":"https:\/\/sjloyola.org\/eu\/","name":"Jesuitas Loyola","description":"Plataforma Apost\u00f3lica de los Jesuitas en Cantabria, Pa\u00eds Vasco y Navarra","potentialAction":[{"@type":"SearchAction","target":{"@type":"EntryPoint","urlTemplate":"https:\/\/sjloyola.org\/eu\/?s={search_term_string}"},"query-input":{"@type":"PropertyValueSpecification","valueRequired":true,"valueName":"search_term_string"}}],"inLanguage":"eu-ES"},{"@type":"Person","@id":"https:\/\/sjloyola.org\/eu\/#\/schema\/person\/91965d30e7fbf328542b4fc71e943604","name":"Vicente Marcuello","image":{"@type":"ImageObject","inLanguage":"eu-ES","@id":"https:\/\/secure.gravatar.com\/avatar\/6f820696a75d9dbfe4f371018a143e0c897ac0a40f8bc362086bdbf39693184d?s=96&d=mm&r=g","url":"https:\/\/secure.gravatar.com\/avatar\/6f820696a75d9dbfe4f371018a143e0c897ac0a40f8bc362086bdbf39693184d?s=96&d=mm&r=g","contentUrl":"https:\/\/secure.gravatar.com\/avatar\/6f820696a75d9dbfe4f371018a143e0c897ac0a40f8bc362086bdbf39693184d?s=96&d=mm&r=g","caption":"Vicente Marcuello"},"url":"https:\/\/sjloyola.org\/eu\/author\/vicente\/"}]}},"_links":{"self":[{"href":"https:\/\/sjloyola.org\/eu\/wp-json\/wp\/v2\/posts\/9801","targetHints":{"allow":["GET"]}}],"collection":[{"href":"https:\/\/sjloyola.org\/eu\/wp-json\/wp\/v2\/posts"}],"about":[{"href":"https:\/\/sjloyola.org\/eu\/wp-json\/wp\/v2\/types\/post"}],"author":[{"embeddable":true,"href":"https:\/\/sjloyola.org\/eu\/wp-json\/wp\/v2\/users\/5"}],"replies":[{"embeddable":true,"href":"https:\/\/sjloyola.org\/eu\/wp-json\/wp\/v2\/comments?post=9801"}],"version-history":[{"count":2,"href":"https:\/\/sjloyola.org\/eu\/wp-json\/wp\/v2\/posts\/9801\/revisions"}],"predecessor-version":[{"id":9825,"href":"https:\/\/sjloyola.org\/eu\/wp-json\/wp\/v2\/posts\/9801\/revisions\/9825"}],"wp:featuredmedia":[{"embeddable":true,"href":"https:\/\/sjloyola.org\/eu\/wp-json\/wp\/v2\/media\/9799"}],"wp:attachment":[{"href":"https:\/\/sjloyola.org\/eu\/wp-json\/wp\/v2\/media?parent=9801"}],"wp:term":[{"taxonomy":"category","embeddable":true,"href":"https:\/\/sjloyola.org\/eu\/wp-json\/wp\/v2\/categories?post=9801"},{"taxonomy":"post_tag","embeddable":true,"href":"https:\/\/sjloyola.org\/eu\/wp-json\/wp\/v2\/tags?post=9801"}],"curies":[{"name":"wp","href":"https:\/\/api.w.org\/{rel}","templated":true}]}}