{"id":9736,"date":"2025-10-18T18:21:39","date_gmt":"2025-10-18T16:21:39","guid":{"rendered":"https:\/\/sjloyola.org\/bilbok-kristautasunari-eta-justiziari-buruzko-v-biltzarra-hartuko-du\/"},"modified":"2025-10-18T19:52:55","modified_gmt":"2025-10-18T17:52:55","slug":"bilbok-kristautasunari-eta-justiziari-buruzko-v-biltzarra-hartuko-du","status":"publish","type":"post","link":"https:\/\/sjloyola.org\/eu\/bilbok-kristautasunari-eta-justiziari-buruzko-v-biltzarra-hartuko-du\/","title":{"rendered":"Bilbok &#8220;Cristianisme i Just\u00edcia\u201dren 5. jardunaldiak hartu ditu"},"content":{"rendered":"\n<p><strong>Bilbo, 2025eko urriaren 17-18an<\/strong>. \u2013 Asteburu honetan <strong>Arrupe Etxean<\/strong> (Bilbo) ospatu dira <strong>Cristianisme i Just\u00edciaren Jardunaldiak (V. edizioa)<\/strong>, \u201c5<em>0 urte Fe eta Justizia: ondarea eta etorkizuna<\/em>\u201d lemapean.<br\/>Lehen aldiz, bi urterik behin egiten den topaketa hau \u2014Cristianisme i Justicia, <strong><strong>Bilboko Loiola Zentroa<\/strong><\/strong> eta <strong>Alboan<\/strong> erakundeekin elkarlanean antolatuta\u2014 Bartzelonatik kanpo egin da, hausnarketa eta konpromiso gune hau lurralde eta komunitate berrietara zabaltzeko asmoz.<\/p>\n\n<h3 class=\"wp-block-heading\">Ospatzeko eta aurrera begiratzeko data bat<\/h3>\n\n<p>Ekitaldiek ehun pertsona baino gehiago elkartu zituzten jesuiten erakunde eta lanekin, gizarte mugimenduekin eta kristau komunitateekin lotutakoak.<br\/> Ostiral arratsaldean, hasierako saioan <strong>Cristianisme i Just\u00edcia<\/strong> , <strong>Loiolako Plataforma Apostolikoaren<\/strong> eta <strong>Alboan<\/strong> , <strong>Santi Torres<\/strong> , <strong>Vicente Marcuello<\/strong> eta <strong>Mary Tere Guzm\u00e1nen<\/strong> eskutik, ongi etorria izan zen.<\/p>\n\n<p><strong>Hitzaldi nagusia<\/strong> <strong>Jos\u00e9 Ignacio Garc\u00eda SJ-<\/strong> k eman zuen, Cristianisme i Just\u00edcia-ko zuzendariak, <strong>eta 32. Kongregazio Nagusiaren<\/strong> 50 urteak errepasatu zituen \u2014Jesusen Lagundiak justiziatik bereiztezina zen fedearekiko zuen konpromisoaren sorrera-unea\u2014, eta horizonte hori egungo erronken argitan berrikusteko gonbidapena egin zigun.<br\/> Jarraian, <strong>Javier Vitoria<\/strong> teologoak, <strong>Carlos Garc\u00eda de Andoin<\/strong> irakasleak eta <strong>Mar\u00eda Jos\u00e9 Schultz<\/strong> teologoak euren erreakzioak eskaini zituzten.<\/p>\n\n<p>Lehenengo eguna <strong>ganbera-musika eta pintxoen<\/strong> une lasai batekin amaitu zen, parte-hartzaileak elkartu eta elkarreragin dezaten animatuz.<\/p>\n\n<h3 class=\"wp-block-heading\">Tailerrak eta eztabaida-mahaiak<\/h3>\n\n<p>Larunbata <strong>otoitz partekatu<\/strong> batekin eta <strong>lau tailer tematikoen<\/strong> aurkezpenarekin hasi zen:<\/p>\n\n<ul class=\"wp-block-list\">\n<li><em>Gure Etxe Komunaren Zaintza<\/em> (Mary Tere Guzm\u00e1n)<\/li>\n\n\n\n<li><em>Migrazioak<\/em> (Santi Torres)<\/li>\n\n\n\n<li><em>Gazteria eta Fedea-Justizia<\/em> (Pau Cuadern)<\/li>\n\n\n\n<li><em>Fedea-Justizia eta Espiritualitatea<\/em> (Jos\u00e9 Ignacio Garc\u00eda)<\/li>\n<\/ul>\n\n<p>Arrupe Etxeko gela ezberdinetan egindako saioek giro parte-hartzaile eta hurbila eskaini zuten, talde-dinamikekin, otoitz-espazioekin eta <strong>Pe\u00f1ascal kooperatibak<\/strong> zerbitzatutako kafearekin.<\/p>\n\n<p>Eguerdian, <strong>tailerren hausnarketak<\/strong> partekatu zituzten auditorioan, ikasitako ikasgaiak eta sortutako erronkak partekatuz. Pintxoen bazkariak <strong>amaierako mahai-inguruari<\/strong> lekua eman zion, <strong>Mary Tere Guzm\u00e1nek (Alboan)<\/strong> moderatua, <strong>Jos\u00e9 Ignacio Garc\u00eda (Cristianisme i Just\u00edcia)<\/strong> , <strong>Mar\u00eda del Carmen de la Fuente (Sector Social Catalu\u00f1a)<\/strong> eta <strong>Sebas Mora (Universidad Comillas)<\/strong> parte hartu zuten. <\/p>\n\n<p>Bilera <strong>azken otoitz<\/strong> batekin eta asteburu osoan zehar izandako inplikazioagatik eta lankidetza-espirituagatik hiru erakunde antolatzaileek batera eskerrak emanez amaitu zen.<\/p>\n\n<h3 class=\"wp-block-heading\">Aurrerapauso bat Fedea-Justizia aliantzan<\/h3>\n\n<p>Ekitaldi hauek Bilbon egiteak urrats garrantzitsua eman du <strong>justizian gorpuztutako fede<\/strong> baten alde lan egiten duten erakunde eta pertsonen sarea indartzeko eta etorkizun solidarioago, jasangarriago eta anaiago bat eraikitzeko.<\/p>\n\n<figure class=\"wp-block-image size-large\"><img loading=\"lazy\" decoding=\"async\" width=\"1024\" height=\"581\" src=\"https:\/\/sjloyola.org\/wp-content\/uploads\/2025\/10\/CiJ-sabado-1024x581.avif\" alt=\"\" class=\"wp-image-9731\" srcset=\"https:\/\/sjloyola.org\/wp-content\/uploads\/2025\/10\/CiJ-sabado-1024x581.avif 1024w, https:\/\/sjloyola.org\/wp-content\/uploads\/2025\/10\/CiJ-sabado-300x170.avif 300w, https:\/\/sjloyola.org\/wp-content\/uploads\/2025\/10\/CiJ-sabado-768x435.avif 768w, https:\/\/sjloyola.org\/wp-content\/uploads\/2025\/10\/CiJ-sabado-1536x871.avif 1536w, https:\/\/sjloyola.org\/wp-content\/uploads\/2025\/10\/CiJ-sabado-1080x612.avif 1080w, https:\/\/sjloyola.org\/wp-content\/uploads\/2025\/10\/CiJ-sabado-1280x726.avif 1280w, https:\/\/sjloyola.org\/wp-content\/uploads\/2025\/10\/CiJ-sabado-980x556.avif 980w, https:\/\/sjloyola.org\/wp-content\/uploads\/2025\/10\/CiJ-sabado-480x272.avif 480w, https:\/\/sjloyola.org\/wp-content\/uploads\/2025\/10\/CiJ-sabado.avif 2048w\" sizes=\"(max-width: 1024px) 100vw, 1024px\" \/><\/figure>\n","protected":false},"excerpt":{"rendered":"<p>Bilbo, 2025eko urriaren 17-18an. \u2013 Asteburu honetan Arrupe Etxean (Bilbo) ospatu dira Cristianisme i Just\u00edciaren Jardunaldiak (V. edizioa), \u201c50 urte Fe eta Justizia: ondarea eta etorkizuna\u201d lemapean.Lehen aldiz, bi urterik [&hellip;]<\/p>\n","protected":false},"author":5,"featured_media":9734,"comment_status":"closed","ping_status":"closed","sticky":false,"template":"","format":"standard","meta":{"_et_pb_use_builder":"","_et_pb_old_content":"","_et_gb_content_width":"","_price":"","_stock":"","_tribe_ticket_header":"","_tribe_default_ticket_provider":"","_ticket_start_date":"","_ticket_end_date":"","_tribe_ticket_show_description":"","_tribe_ticket_show_not_going":false,"_tribe_ticket_use_global_stock":"","_tribe_ticket_global_stock_level":"","_global_stock_mode":"","_global_stock_cap":"","_tribe_rsvp_for_event":"","_tribe_ticket_going_count":"","_tribe_ticket_not_going_count":"","_tribe_tickets_list":"[]","_tribe_ticket_has_attendee_info_fields":false,"footnotes":""},"categories":[307,331,314,332,327],"tags":[],"class_list":["post-9736","post","type-post","status-publish","format-standard","has-post-thumbnail","hentry","category-alboan-eu","category-arrupe-etxea-eu","category-bilbo","category-hitzaldiak","category-loiola-zentroa"],"yoast_head":"<!-- This site is optimized with the Yoast SEO plugin v27.5 - https:\/\/yoast.com\/product\/yoast-seo-wordpress\/ -->\n<title>Bilbok &quot;Cristianisme i Just\u00edcia\u201dren 5. jardunaldiak hartu ditu - Jesuitas Loyola<\/title>\n<meta name=\"robots\" content=\"index, follow, max-snippet:-1, max-image-preview:large, max-video-preview:-1\" \/>\n<link rel=\"canonical\" href=\"https:\/\/sjloyola.org\/eu\/bilbok-kristautasunari-eta-justiziari-buruzko-v-biltzarra-hartuko-du\/\" \/>\n<meta property=\"og:locale\" content=\"eu_ES\" \/>\n<meta property=\"og:type\" content=\"article\" \/>\n<meta property=\"og:title\" content=\"Bilbok &quot;Cristianisme i Just\u00edcia\u201dren 5. jardunaldiak hartu ditu - Jesuitas Loyola\" \/>\n<meta property=\"og:description\" content=\"Bilbo, 2025eko urriaren 17-18an. \u2013 Asteburu honetan Arrupe Etxean (Bilbo) ospatu dira Cristianisme i Just\u00edciaren Jardunaldiak (V. edizioa), \u201c50 urte Fe eta Justizia: ondarea eta etorkizuna\u201d lemapean.Lehen aldiz, bi urterik [&hellip;]\" \/>\n<meta property=\"og:url\" content=\"https:\/\/sjloyola.org\/eu\/bilbok-kristautasunari-eta-justiziari-buruzko-v-biltzarra-hartuko-du\/\" \/>\n<meta property=\"og:site_name\" content=\"Jesuitas Loyola\" \/>\n<meta property=\"article:published_time\" content=\"2025-10-18T16:21:39+00:00\" \/>\n<meta property=\"article:modified_time\" content=\"2025-10-18T17:52:55+00:00\" \/>\n<meta property=\"og:image\" content=\"https:\/\/sjloyola.org\/wp-content\/uploads\/2025\/10\/CiJ-sabado-169.avif\" \/>\n\t<meta property=\"og:image:width\" content=\"1582\" \/>\n\t<meta property=\"og:image:height\" content=\"890\" \/>\n\t<meta property=\"og:image:type\" content=\"image\/jpeg\" \/>\n<meta name=\"author\" content=\"Vicente Marcuello\" \/>\n<meta name=\"twitter:card\" content=\"summary_large_image\" \/>\n<meta name=\"twitter:label1\" content=\"Written by\" \/>\n\t<meta name=\"twitter:data1\" content=\"Vicente Marcuello\" \/>\n\t<meta name=\"twitter:label2\" content=\"Est. reading time\" \/>\n\t<meta name=\"twitter:data2\" content=\"2 minutes\" \/>\n<script type=\"application\/ld+json\" class=\"yoast-schema-graph\">{\"@context\":\"https:\\\/\\\/schema.org\",\"@graph\":[{\"@type\":\"Article\",\"@id\":\"https:\\\/\\\/sjloyola.org\\\/eu\\\/bilbok-kristautasunari-eta-justiziari-buruzko-v-biltzarra-hartuko-du\\\/#article\",\"isPartOf\":{\"@id\":\"https:\\\/\\\/sjloyola.org\\\/eu\\\/bilbok-kristautasunari-eta-justiziari-buruzko-v-biltzarra-hartuko-du\\\/\"},\"author\":{\"name\":\"Vicente Marcuello\",\"@id\":\"https:\\\/\\\/sjloyola.org\\\/eu\\\/#\\\/schema\\\/person\\\/91965d30e7fbf328542b4fc71e943604\"},\"headline\":\"Bilbok &#8220;Cristianisme i Just\u00edcia\u201dren 5. jardunaldiak hartu ditu\",\"datePublished\":\"2025-10-18T16:21:39+00:00\",\"dateModified\":\"2025-10-18T17:52:55+00:00\",\"mainEntityOfPage\":{\"@id\":\"https:\\\/\\\/sjloyola.org\\\/eu\\\/bilbok-kristautasunari-eta-justiziari-buruzko-v-biltzarra-hartuko-du\\\/\"},\"wordCount\":359,\"image\":{\"@id\":\"https:\\\/\\\/sjloyola.org\\\/eu\\\/bilbok-kristautasunari-eta-justiziari-buruzko-v-biltzarra-hartuko-du\\\/#primaryimage\"},\"thumbnailUrl\":\"https:\\\/\\\/sjloyola.org\\\/wp-content\\\/uploads\\\/2025\\\/10\\\/CiJ-sabado-169.avif\",\"articleSection\":[\"Alboan\",\"Arrupe Etxea\",\"Bilbo\",\"Hitzaldiak\",\"Loiola Zentroa\"],\"inLanguage\":\"eu-ES\"},{\"@type\":\"WebPage\",\"@id\":\"https:\\\/\\\/sjloyola.org\\\/eu\\\/bilbok-kristautasunari-eta-justiziari-buruzko-v-biltzarra-hartuko-du\\\/\",\"url\":\"https:\\\/\\\/sjloyola.org\\\/eu\\\/bilbok-kristautasunari-eta-justiziari-buruzko-v-biltzarra-hartuko-du\\\/\",\"name\":\"Bilbok \\\"Cristianisme i Just\u00edcia\u201dren 5. jardunaldiak hartu ditu - Jesuitas Loyola\",\"isPartOf\":{\"@id\":\"https:\\\/\\\/sjloyola.org\\\/eu\\\/#website\"},\"primaryImageOfPage\":{\"@id\":\"https:\\\/\\\/sjloyola.org\\\/eu\\\/bilbok-kristautasunari-eta-justiziari-buruzko-v-biltzarra-hartuko-du\\\/#primaryimage\"},\"image\":{\"@id\":\"https:\\\/\\\/sjloyola.org\\\/eu\\\/bilbok-kristautasunari-eta-justiziari-buruzko-v-biltzarra-hartuko-du\\\/#primaryimage\"},\"thumbnailUrl\":\"https:\\\/\\\/sjloyola.org\\\/wp-content\\\/uploads\\\/2025\\\/10\\\/CiJ-sabado-169.avif\",\"datePublished\":\"2025-10-18T16:21:39+00:00\",\"dateModified\":\"2025-10-18T17:52:55+00:00\",\"author\":{\"@id\":\"https:\\\/\\\/sjloyola.org\\\/eu\\\/#\\\/schema\\\/person\\\/91965d30e7fbf328542b4fc71e943604\"},\"breadcrumb\":{\"@id\":\"https:\\\/\\\/sjloyola.org\\\/eu\\\/bilbok-kristautasunari-eta-justiziari-buruzko-v-biltzarra-hartuko-du\\\/#breadcrumb\"},\"inLanguage\":\"eu-ES\",\"potentialAction\":[{\"@type\":\"ReadAction\",\"target\":[\"https:\\\/\\\/sjloyola.org\\\/eu\\\/bilbok-kristautasunari-eta-justiziari-buruzko-v-biltzarra-hartuko-du\\\/\"]}]},{\"@type\":\"ImageObject\",\"inLanguage\":\"eu-ES\",\"@id\":\"https:\\\/\\\/sjloyola.org\\\/eu\\\/bilbok-kristautasunari-eta-justiziari-buruzko-v-biltzarra-hartuko-du\\\/#primaryimage\",\"url\":\"https:\\\/\\\/sjloyola.org\\\/wp-content\\\/uploads\\\/2025\\\/10\\\/CiJ-sabado-169.avif\",\"contentUrl\":\"https:\\\/\\\/sjloyola.org\\\/wp-content\\\/uploads\\\/2025\\\/10\\\/CiJ-sabado-169.avif\",\"width\":1582,\"height\":890},{\"@type\":\"BreadcrumbList\",\"@id\":\"https:\\\/\\\/sjloyola.org\\\/eu\\\/bilbok-kristautasunari-eta-justiziari-buruzko-v-biltzarra-hartuko-du\\\/#breadcrumb\",\"itemListElement\":[{\"@type\":\"ListItem\",\"position\":1,\"name\":\"Portada\",\"item\":\"https:\\\/\\\/sjloyola.org\\\/eu\\\/kantabria-errioxa-euskadi-eta-nafarroako-jesuitak\\\/\"},{\"@type\":\"ListItem\",\"position\":2,\"name\":\"Bilbok &#8220;Cristianisme i Just\u00edcia\u201dren 5. jardunaldiak hartu ditu\"}]},{\"@type\":\"WebSite\",\"@id\":\"https:\\\/\\\/sjloyola.org\\\/eu\\\/#website\",\"url\":\"https:\\\/\\\/sjloyola.org\\\/eu\\\/\",\"name\":\"Jesuitas Loyola\",\"description\":\"Plataforma Apost\u00f3lica de los Jesuitas en Cantabria, Pa\u00eds Vasco y Navarra\",\"potentialAction\":[{\"@type\":\"SearchAction\",\"target\":{\"@type\":\"EntryPoint\",\"urlTemplate\":\"https:\\\/\\\/sjloyola.org\\\/eu\\\/?s={search_term_string}\"},\"query-input\":{\"@type\":\"PropertyValueSpecification\",\"valueRequired\":true,\"valueName\":\"search_term_string\"}}],\"inLanguage\":\"eu-ES\"},{\"@type\":\"Person\",\"@id\":\"https:\\\/\\\/sjloyola.org\\\/eu\\\/#\\\/schema\\\/person\\\/91965d30e7fbf328542b4fc71e943604\",\"name\":\"Vicente Marcuello\",\"image\":{\"@type\":\"ImageObject\",\"inLanguage\":\"eu-ES\",\"@id\":\"https:\\\/\\\/secure.gravatar.com\\\/avatar\\\/6f820696a75d9dbfe4f371018a143e0c897ac0a40f8bc362086bdbf39693184d?s=96&d=mm&r=g\",\"url\":\"https:\\\/\\\/secure.gravatar.com\\\/avatar\\\/6f820696a75d9dbfe4f371018a143e0c897ac0a40f8bc362086bdbf39693184d?s=96&d=mm&r=g\",\"contentUrl\":\"https:\\\/\\\/secure.gravatar.com\\\/avatar\\\/6f820696a75d9dbfe4f371018a143e0c897ac0a40f8bc362086bdbf39693184d?s=96&d=mm&r=g\",\"caption\":\"Vicente Marcuello\"},\"url\":\"https:\\\/\\\/sjloyola.org\\\/eu\\\/author\\\/vicente\\\/\"}]}<\/script>\n<!-- \/ Yoast SEO plugin. -->","yoast_head_json":{"title":"Bilbok \"Cristianisme i Just\u00edcia\u201dren 5. jardunaldiak hartu ditu - Jesuitas Loyola","robots":{"index":"index","follow":"follow","max-snippet":"max-snippet:-1","max-image-preview":"max-image-preview:large","max-video-preview":"max-video-preview:-1"},"canonical":"https:\/\/sjloyola.org\/eu\/bilbok-kristautasunari-eta-justiziari-buruzko-v-biltzarra-hartuko-du\/","og_locale":"eu_ES","og_type":"article","og_title":"Bilbok \"Cristianisme i Just\u00edcia\u201dren 5. jardunaldiak hartu ditu - Jesuitas Loyola","og_description":"Bilbo, 2025eko urriaren 17-18an. \u2013 Asteburu honetan Arrupe Etxean (Bilbo) ospatu dira Cristianisme i Just\u00edciaren Jardunaldiak (V. edizioa), \u201c50 urte Fe eta Justizia: ondarea eta etorkizuna\u201d lemapean.Lehen aldiz, bi urterik [&hellip;]","og_url":"https:\/\/sjloyola.org\/eu\/bilbok-kristautasunari-eta-justiziari-buruzko-v-biltzarra-hartuko-du\/","og_site_name":"Jesuitas Loyola","article_published_time":"2025-10-18T16:21:39+00:00","article_modified_time":"2025-10-18T17:52:55+00:00","og_image":[{"width":1582,"height":890,"url":"https:\/\/sjloyola.org\/wp-content\/uploads\/2025\/10\/CiJ-sabado-169.avif","type":"image\/jpeg"}],"author":"Vicente Marcuello","twitter_card":"summary_large_image","twitter_misc":{"Written by":"Vicente Marcuello","Est. reading time":"2 minutes"},"schema":{"@context":"https:\/\/schema.org","@graph":[{"@type":"Article","@id":"https:\/\/sjloyola.org\/eu\/bilbok-kristautasunari-eta-justiziari-buruzko-v-biltzarra-hartuko-du\/#article","isPartOf":{"@id":"https:\/\/sjloyola.org\/eu\/bilbok-kristautasunari-eta-justiziari-buruzko-v-biltzarra-hartuko-du\/"},"author":{"name":"Vicente Marcuello","@id":"https:\/\/sjloyola.org\/eu\/#\/schema\/person\/91965d30e7fbf328542b4fc71e943604"},"headline":"Bilbok &#8220;Cristianisme i Just\u00edcia\u201dren 5. jardunaldiak hartu ditu","datePublished":"2025-10-18T16:21:39+00:00","dateModified":"2025-10-18T17:52:55+00:00","mainEntityOfPage":{"@id":"https:\/\/sjloyola.org\/eu\/bilbok-kristautasunari-eta-justiziari-buruzko-v-biltzarra-hartuko-du\/"},"wordCount":359,"image":{"@id":"https:\/\/sjloyola.org\/eu\/bilbok-kristautasunari-eta-justiziari-buruzko-v-biltzarra-hartuko-du\/#primaryimage"},"thumbnailUrl":"https:\/\/sjloyola.org\/wp-content\/uploads\/2025\/10\/CiJ-sabado-169.avif","articleSection":["Alboan","Arrupe Etxea","Bilbo","Hitzaldiak","Loiola Zentroa"],"inLanguage":"eu-ES"},{"@type":"WebPage","@id":"https:\/\/sjloyola.org\/eu\/bilbok-kristautasunari-eta-justiziari-buruzko-v-biltzarra-hartuko-du\/","url":"https:\/\/sjloyola.org\/eu\/bilbok-kristautasunari-eta-justiziari-buruzko-v-biltzarra-hartuko-du\/","name":"Bilbok \"Cristianisme i Just\u00edcia\u201dren 5. jardunaldiak hartu ditu - Jesuitas Loyola","isPartOf":{"@id":"https:\/\/sjloyola.org\/eu\/#website"},"primaryImageOfPage":{"@id":"https:\/\/sjloyola.org\/eu\/bilbok-kristautasunari-eta-justiziari-buruzko-v-biltzarra-hartuko-du\/#primaryimage"},"image":{"@id":"https:\/\/sjloyola.org\/eu\/bilbok-kristautasunari-eta-justiziari-buruzko-v-biltzarra-hartuko-du\/#primaryimage"},"thumbnailUrl":"https:\/\/sjloyola.org\/wp-content\/uploads\/2025\/10\/CiJ-sabado-169.avif","datePublished":"2025-10-18T16:21:39+00:00","dateModified":"2025-10-18T17:52:55+00:00","author":{"@id":"https:\/\/sjloyola.org\/eu\/#\/schema\/person\/91965d30e7fbf328542b4fc71e943604"},"breadcrumb":{"@id":"https:\/\/sjloyola.org\/eu\/bilbok-kristautasunari-eta-justiziari-buruzko-v-biltzarra-hartuko-du\/#breadcrumb"},"inLanguage":"eu-ES","potentialAction":[{"@type":"ReadAction","target":["https:\/\/sjloyola.org\/eu\/bilbok-kristautasunari-eta-justiziari-buruzko-v-biltzarra-hartuko-du\/"]}]},{"@type":"ImageObject","inLanguage":"eu-ES","@id":"https:\/\/sjloyola.org\/eu\/bilbok-kristautasunari-eta-justiziari-buruzko-v-biltzarra-hartuko-du\/#primaryimage","url":"https:\/\/sjloyola.org\/wp-content\/uploads\/2025\/10\/CiJ-sabado-169.avif","contentUrl":"https:\/\/sjloyola.org\/wp-content\/uploads\/2025\/10\/CiJ-sabado-169.avif","width":1582,"height":890},{"@type":"BreadcrumbList","@id":"https:\/\/sjloyola.org\/eu\/bilbok-kristautasunari-eta-justiziari-buruzko-v-biltzarra-hartuko-du\/#breadcrumb","itemListElement":[{"@type":"ListItem","position":1,"name":"Portada","item":"https:\/\/sjloyola.org\/eu\/kantabria-errioxa-euskadi-eta-nafarroako-jesuitak\/"},{"@type":"ListItem","position":2,"name":"Bilbok &#8220;Cristianisme i Just\u00edcia\u201dren 5. jardunaldiak hartu ditu"}]},{"@type":"WebSite","@id":"https:\/\/sjloyola.org\/eu\/#website","url":"https:\/\/sjloyola.org\/eu\/","name":"Jesuitas Loyola","description":"Plataforma Apost\u00f3lica de los Jesuitas en Cantabria, Pa\u00eds Vasco y Navarra","potentialAction":[{"@type":"SearchAction","target":{"@type":"EntryPoint","urlTemplate":"https:\/\/sjloyola.org\/eu\/?s={search_term_string}"},"query-input":{"@type":"PropertyValueSpecification","valueRequired":true,"valueName":"search_term_string"}}],"inLanguage":"eu-ES"},{"@type":"Person","@id":"https:\/\/sjloyola.org\/eu\/#\/schema\/person\/91965d30e7fbf328542b4fc71e943604","name":"Vicente Marcuello","image":{"@type":"ImageObject","inLanguage":"eu-ES","@id":"https:\/\/secure.gravatar.com\/avatar\/6f820696a75d9dbfe4f371018a143e0c897ac0a40f8bc362086bdbf39693184d?s=96&d=mm&r=g","url":"https:\/\/secure.gravatar.com\/avatar\/6f820696a75d9dbfe4f371018a143e0c897ac0a40f8bc362086bdbf39693184d?s=96&d=mm&r=g","contentUrl":"https:\/\/secure.gravatar.com\/avatar\/6f820696a75d9dbfe4f371018a143e0c897ac0a40f8bc362086bdbf39693184d?s=96&d=mm&r=g","caption":"Vicente Marcuello"},"url":"https:\/\/sjloyola.org\/eu\/author\/vicente\/"}]}},"_links":{"self":[{"href":"https:\/\/sjloyola.org\/eu\/wp-json\/wp\/v2\/posts\/9736","targetHints":{"allow":["GET"]}}],"collection":[{"href":"https:\/\/sjloyola.org\/eu\/wp-json\/wp\/v2\/posts"}],"about":[{"href":"https:\/\/sjloyola.org\/eu\/wp-json\/wp\/v2\/types\/post"}],"author":[{"embeddable":true,"href":"https:\/\/sjloyola.org\/eu\/wp-json\/wp\/v2\/users\/5"}],"replies":[{"embeddable":true,"href":"https:\/\/sjloyola.org\/eu\/wp-json\/wp\/v2\/comments?post=9736"}],"version-history":[{"count":6,"href":"https:\/\/sjloyola.org\/eu\/wp-json\/wp\/v2\/posts\/9736\/revisions"}],"predecessor-version":[{"id":9747,"href":"https:\/\/sjloyola.org\/eu\/wp-json\/wp\/v2\/posts\/9736\/revisions\/9747"}],"wp:featuredmedia":[{"embeddable":true,"href":"https:\/\/sjloyola.org\/eu\/wp-json\/wp\/v2\/media\/9734"}],"wp:attachment":[{"href":"https:\/\/sjloyola.org\/eu\/wp-json\/wp\/v2\/media?parent=9736"}],"wp:term":[{"taxonomy":"category","embeddable":true,"href":"https:\/\/sjloyola.org\/eu\/wp-json\/wp\/v2\/categories?post=9736"},{"taxonomy":"post_tag","embeddable":true,"href":"https:\/\/sjloyola.org\/eu\/wp-json\/wp\/v2\/tags?post=9736"}],"curies":[{"name":"wp","href":"https:\/\/api.w.org\/{rel}","templated":true}]}}