{"id":9703,"date":"2025-10-17T16:11:38","date_gmt":"2025-10-17T14:11:38","guid":{"rendered":"https:\/\/sjloyola.org\/teilhard-de-chardinen-ondarea\/"},"modified":"2025-10-31T09:56:44","modified_gmt":"2025-10-31T08:56:44","slug":"teilhard-de-chardinen-ondarea","status":"publish","type":"post","link":"https:\/\/sjloyola.org\/eu\/teilhard-de-chardinen-ondarea\/","title":{"rendered":"Teilhard de Chardinen ondarea"},"content":{"rendered":"\n<p>Urriko lehen egunetan, <strong>Loyola Center \u2013 Loiola Zentroako<\/strong> lau egoitzetan <strong>, Bilbon, Donostian, Iru\u00f1ean eta Vitoria-Gazteizen,<\/strong> <strong>Pierre Teilhard de Chardin<\/strong> zientzialari eta mistiko jesuitaren bizitzari eta pentsamenduari buruzko hitzaldi sorta bat antolatu zen.<\/p>\n\n<p>Hizlariak, <strong>Juan Valent\u00edn Fern\u00e1ndez de la Gala<\/strong> jaunak, <strong>CVX Madre de Dios-eko (Jerez)<\/strong> kideak, Teilharden ondarearen ikuspegi sutsu eta eguneratua partekatu zuen bertaratutakoekin, fedearen eta zientziaren arteko elkarrizketan haren pentsamenduaren garrantzia azpimarratuz, eta maitasunaren eta sorkuntzaren dinamika berean eboluzioa, materia eta espiritua integratzen dituen espiritualtasun baten inspirazioa azpimarratuz.<\/p>\n\n<p>Hitzaldi-ibilaldiak <strong><em>\u201cConvergences: Forty Encounters with Teilhard de Chardin\u201d<\/em> (Sal Terrae, 2025) liburuaren bigarren edizioarekin<\/strong> bat egin zuen <strong>, Leonardo Boff, Joan Chittister, Tom\u00e1\u0161 Hal\u00edk, Mar\u00eda Luisa Berzosa, Antonio Jos\u00e9 Spadaro, Ignacio La Melmet Gonz\u00e1lez eta Pedro Ignacio, La Melmet Gonz\u00e1lez, Miguel Gonz\u00e1lez Spadaro, Xavier Melmet, Jos\u00e9 Antonio Spadaro<\/strong> eta <strong>Miguel Gonz\u00e1lez<\/strong> , besteak beste, teologia garaikideko ahots nabarmenen testigantzak biltzen dituen lana.<\/p>\n\n<p>Ekimen hau <strong>Loyola Center \u2013 Loiola Zentroaren<\/strong> proposamen kultural eta espiritualaren parte da, eta proposamen horrek gaur egungo munduaren erronkei aurre eginez fedeaz pentsatzen laguntzen diguten figuren eta mugimenduen inguruan hausnarketa-espazioak sustatu nahi ditu.<\/p>\n","protected":false},"excerpt":{"rendered":"<p>Urriko lehen egunetan, Loyola Center \u2013 Loiola Zentroako lau egoitzetan , Bilbon, Donostian, Iru\u00f1ean eta Vitoria-Gazteizen, Pierre Teilhard de Chardin zientzialari eta mistiko jesuitaren bizitzari eta pentsamenduari buruzko hitzaldi sorta [&hellip;]<\/p>\n","protected":false},"author":5,"featured_media":9701,"comment_status":"closed","ping_status":"closed","sticky":false,"template":"","format":"standard","meta":{"_et_pb_use_builder":"","_et_pb_old_content":"","_et_gb_content_width":"","_price":"","_stock":"","_tribe_ticket_header":"","_tribe_default_ticket_provider":"","_ticket_start_date":"","_ticket_end_date":"","_tribe_ticket_show_description":"","_tribe_ticket_show_not_going":false,"_tribe_ticket_use_global_stock":"","_tribe_ticket_global_stock_level":"","_global_stock_mode":"","_global_stock_cap":"","_tribe_rsvp_for_event":"","_tribe_ticket_going_count":"","_tribe_ticket_not_going_count":"","_tribe_tickets_list":"[]","_tribe_ticket_has_attendee_info_fields":false,"footnotes":""},"categories":[332,330,327],"tags":[310],"class_list":["post-9703","post","type-post","status-publish","format-standard","has-post-thumbnail","hentry","category-hitzaldiak","category-kbe","category-loiola-zentroa","tag-loiola-zentroa"],"yoast_head":"<!-- This site is optimized with the Yoast SEO plugin v27.5 - https:\/\/yoast.com\/product\/yoast-seo-wordpress\/ -->\n<title>Teilhard de Chardinen ondarea - Jesuitas Loyola<\/title>\n<meta name=\"robots\" content=\"index, follow, max-snippet:-1, max-image-preview:large, max-video-preview:-1\" \/>\n<link rel=\"canonical\" href=\"https:\/\/sjloyola.org\/eu\/teilhard-de-chardinen-ondarea\/\" \/>\n<meta property=\"og:locale\" content=\"eu_ES\" \/>\n<meta property=\"og:type\" content=\"article\" \/>\n<meta property=\"og:title\" content=\"Teilhard de Chardinen ondarea - Jesuitas Loyola\" \/>\n<meta property=\"og:description\" content=\"Urriko lehen egunetan, Loyola Center \u2013 Loiola Zentroako lau egoitzetan , Bilbon, Donostian, Iru\u00f1ean eta Vitoria-Gazteizen, Pierre Teilhard de Chardin zientzialari eta mistiko jesuitaren bizitzari eta pentsamenduari buruzko hitzaldi sorta [&hellip;]\" \/>\n<meta property=\"og:url\" content=\"https:\/\/sjloyola.org\/eu\/teilhard-de-chardinen-ondarea\/\" \/>\n<meta property=\"og:site_name\" content=\"Jesuitas Loyola\" \/>\n<meta property=\"article:published_time\" content=\"2025-10-17T14:11:38+00:00\" \/>\n<meta property=\"article:modified_time\" content=\"2025-10-31T08:56:44+00:00\" \/>\n<meta property=\"og:image\" content=\"https:\/\/sjloyola.org\/wp-content\/uploads\/2025\/10\/Chardin-Loiola-Zentroa.avif\" \/>\n\t<meta property=\"og:image:width\" content=\"1236\" \/>\n\t<meta property=\"og:image:height\" content=\"695\" \/>\n\t<meta property=\"og:image:type\" content=\"image\/jpeg\" \/>\n<meta name=\"author\" content=\"Vicente Marcuello\" \/>\n<meta name=\"twitter:card\" content=\"summary_large_image\" \/>\n<meta name=\"twitter:label1\" content=\"Written by\" \/>\n\t<meta name=\"twitter:data1\" content=\"Vicente Marcuello\" \/>\n\t<meta name=\"twitter:label2\" content=\"Est. reading time\" \/>\n\t<meta name=\"twitter:data2\" content=\"1 minute\" \/>\n<script type=\"application\/ld+json\" class=\"yoast-schema-graph\">{\"@context\":\"https:\\\/\\\/schema.org\",\"@graph\":[{\"@type\":\"Article\",\"@id\":\"https:\\\/\\\/sjloyola.org\\\/eu\\\/teilhard-de-chardinen-ondarea\\\/#article\",\"isPartOf\":{\"@id\":\"https:\\\/\\\/sjloyola.org\\\/eu\\\/teilhard-de-chardinen-ondarea\\\/\"},\"author\":{\"name\":\"Vicente Marcuello\",\"@id\":\"https:\\\/\\\/sjloyola.org\\\/eu\\\/#\\\/schema\\\/person\\\/91965d30e7fbf328542b4fc71e943604\"},\"headline\":\"Teilhard de Chardinen ondarea\",\"datePublished\":\"2025-10-17T14:11:38+00:00\",\"dateModified\":\"2025-10-31T08:56:44+00:00\",\"mainEntityOfPage\":{\"@id\":\"https:\\\/\\\/sjloyola.org\\\/eu\\\/teilhard-de-chardinen-ondarea\\\/\"},\"wordCount\":184,\"image\":{\"@id\":\"https:\\\/\\\/sjloyola.org\\\/eu\\\/teilhard-de-chardinen-ondarea\\\/#primaryimage\"},\"thumbnailUrl\":\"https:\\\/\\\/sjloyola.org\\\/wp-content\\\/uploads\\\/2025\\\/10\\\/Chardin-Loiola-Zentroa.avif\",\"keywords\":[\"Loiola Zentroa\"],\"articleSection\":[\"Hitzaldiak\",\"KBE\",\"Loiola Zentroa\"],\"inLanguage\":\"eu-ES\"},{\"@type\":\"WebPage\",\"@id\":\"https:\\\/\\\/sjloyola.org\\\/eu\\\/teilhard-de-chardinen-ondarea\\\/\",\"url\":\"https:\\\/\\\/sjloyola.org\\\/eu\\\/teilhard-de-chardinen-ondarea\\\/\",\"name\":\"Teilhard de Chardinen ondarea - Jesuitas Loyola\",\"isPartOf\":{\"@id\":\"https:\\\/\\\/sjloyola.org\\\/eu\\\/#website\"},\"primaryImageOfPage\":{\"@id\":\"https:\\\/\\\/sjloyola.org\\\/eu\\\/teilhard-de-chardinen-ondarea\\\/#primaryimage\"},\"image\":{\"@id\":\"https:\\\/\\\/sjloyola.org\\\/eu\\\/teilhard-de-chardinen-ondarea\\\/#primaryimage\"},\"thumbnailUrl\":\"https:\\\/\\\/sjloyola.org\\\/wp-content\\\/uploads\\\/2025\\\/10\\\/Chardin-Loiola-Zentroa.avif\",\"datePublished\":\"2025-10-17T14:11:38+00:00\",\"dateModified\":\"2025-10-31T08:56:44+00:00\",\"author\":{\"@id\":\"https:\\\/\\\/sjloyola.org\\\/eu\\\/#\\\/schema\\\/person\\\/91965d30e7fbf328542b4fc71e943604\"},\"breadcrumb\":{\"@id\":\"https:\\\/\\\/sjloyola.org\\\/eu\\\/teilhard-de-chardinen-ondarea\\\/#breadcrumb\"},\"inLanguage\":\"eu-ES\",\"potentialAction\":[{\"@type\":\"ReadAction\",\"target\":[\"https:\\\/\\\/sjloyola.org\\\/eu\\\/teilhard-de-chardinen-ondarea\\\/\"]}]},{\"@type\":\"ImageObject\",\"inLanguage\":\"eu-ES\",\"@id\":\"https:\\\/\\\/sjloyola.org\\\/eu\\\/teilhard-de-chardinen-ondarea\\\/#primaryimage\",\"url\":\"https:\\\/\\\/sjloyola.org\\\/wp-content\\\/uploads\\\/2025\\\/10\\\/Chardin-Loiola-Zentroa.avif\",\"contentUrl\":\"https:\\\/\\\/sjloyola.org\\\/wp-content\\\/uploads\\\/2025\\\/10\\\/Chardin-Loiola-Zentroa.avif\",\"width\":1236,\"height\":695},{\"@type\":\"BreadcrumbList\",\"@id\":\"https:\\\/\\\/sjloyola.org\\\/eu\\\/teilhard-de-chardinen-ondarea\\\/#breadcrumb\",\"itemListElement\":[{\"@type\":\"ListItem\",\"position\":1,\"name\":\"Portada\",\"item\":\"https:\\\/\\\/sjloyola.org\\\/eu\\\/kantabria-errioxa-euskadi-eta-nafarroako-jesuitak\\\/\"},{\"@type\":\"ListItem\",\"position\":2,\"name\":\"Teilhard de Chardinen ondarea\"}]},{\"@type\":\"WebSite\",\"@id\":\"https:\\\/\\\/sjloyola.org\\\/eu\\\/#website\",\"url\":\"https:\\\/\\\/sjloyola.org\\\/eu\\\/\",\"name\":\"Jesuitas Loyola\",\"description\":\"Plataforma Apost\u00f3lica de los Jesuitas en Cantabria, Pa\u00eds Vasco y Navarra\",\"potentialAction\":[{\"@type\":\"SearchAction\",\"target\":{\"@type\":\"EntryPoint\",\"urlTemplate\":\"https:\\\/\\\/sjloyola.org\\\/eu\\\/?s={search_term_string}\"},\"query-input\":{\"@type\":\"PropertyValueSpecification\",\"valueRequired\":true,\"valueName\":\"search_term_string\"}}],\"inLanguage\":\"eu-ES\"},{\"@type\":\"Person\",\"@id\":\"https:\\\/\\\/sjloyola.org\\\/eu\\\/#\\\/schema\\\/person\\\/91965d30e7fbf328542b4fc71e943604\",\"name\":\"Vicente Marcuello\",\"image\":{\"@type\":\"ImageObject\",\"inLanguage\":\"eu-ES\",\"@id\":\"https:\\\/\\\/secure.gravatar.com\\\/avatar\\\/6f820696a75d9dbfe4f371018a143e0c897ac0a40f8bc362086bdbf39693184d?s=96&d=mm&r=g\",\"url\":\"https:\\\/\\\/secure.gravatar.com\\\/avatar\\\/6f820696a75d9dbfe4f371018a143e0c897ac0a40f8bc362086bdbf39693184d?s=96&d=mm&r=g\",\"contentUrl\":\"https:\\\/\\\/secure.gravatar.com\\\/avatar\\\/6f820696a75d9dbfe4f371018a143e0c897ac0a40f8bc362086bdbf39693184d?s=96&d=mm&r=g\",\"caption\":\"Vicente Marcuello\"},\"url\":\"https:\\\/\\\/sjloyola.org\\\/eu\\\/author\\\/vicente\\\/\"}]}<\/script>\n<!-- \/ Yoast SEO plugin. -->","yoast_head_json":{"title":"Teilhard de Chardinen ondarea - Jesuitas Loyola","robots":{"index":"index","follow":"follow","max-snippet":"max-snippet:-1","max-image-preview":"max-image-preview:large","max-video-preview":"max-video-preview:-1"},"canonical":"https:\/\/sjloyola.org\/eu\/teilhard-de-chardinen-ondarea\/","og_locale":"eu_ES","og_type":"article","og_title":"Teilhard de Chardinen ondarea - Jesuitas Loyola","og_description":"Urriko lehen egunetan, Loyola Center \u2013 Loiola Zentroako lau egoitzetan , Bilbon, Donostian, Iru\u00f1ean eta Vitoria-Gazteizen, Pierre Teilhard de Chardin zientzialari eta mistiko jesuitaren bizitzari eta pentsamenduari buruzko hitzaldi sorta [&hellip;]","og_url":"https:\/\/sjloyola.org\/eu\/teilhard-de-chardinen-ondarea\/","og_site_name":"Jesuitas Loyola","article_published_time":"2025-10-17T14:11:38+00:00","article_modified_time":"2025-10-31T08:56:44+00:00","og_image":[{"width":1236,"height":695,"url":"https:\/\/sjloyola.org\/wp-content\/uploads\/2025\/10\/Chardin-Loiola-Zentroa.avif","type":"image\/jpeg"}],"author":"Vicente Marcuello","twitter_card":"summary_large_image","twitter_misc":{"Written by":"Vicente Marcuello","Est. reading time":"1 minute"},"schema":{"@context":"https:\/\/schema.org","@graph":[{"@type":"Article","@id":"https:\/\/sjloyola.org\/eu\/teilhard-de-chardinen-ondarea\/#article","isPartOf":{"@id":"https:\/\/sjloyola.org\/eu\/teilhard-de-chardinen-ondarea\/"},"author":{"name":"Vicente Marcuello","@id":"https:\/\/sjloyola.org\/eu\/#\/schema\/person\/91965d30e7fbf328542b4fc71e943604"},"headline":"Teilhard de Chardinen ondarea","datePublished":"2025-10-17T14:11:38+00:00","dateModified":"2025-10-31T08:56:44+00:00","mainEntityOfPage":{"@id":"https:\/\/sjloyola.org\/eu\/teilhard-de-chardinen-ondarea\/"},"wordCount":184,"image":{"@id":"https:\/\/sjloyola.org\/eu\/teilhard-de-chardinen-ondarea\/#primaryimage"},"thumbnailUrl":"https:\/\/sjloyola.org\/wp-content\/uploads\/2025\/10\/Chardin-Loiola-Zentroa.avif","keywords":["Loiola Zentroa"],"articleSection":["Hitzaldiak","KBE","Loiola Zentroa"],"inLanguage":"eu-ES"},{"@type":"WebPage","@id":"https:\/\/sjloyola.org\/eu\/teilhard-de-chardinen-ondarea\/","url":"https:\/\/sjloyola.org\/eu\/teilhard-de-chardinen-ondarea\/","name":"Teilhard de Chardinen ondarea - Jesuitas Loyola","isPartOf":{"@id":"https:\/\/sjloyola.org\/eu\/#website"},"primaryImageOfPage":{"@id":"https:\/\/sjloyola.org\/eu\/teilhard-de-chardinen-ondarea\/#primaryimage"},"image":{"@id":"https:\/\/sjloyola.org\/eu\/teilhard-de-chardinen-ondarea\/#primaryimage"},"thumbnailUrl":"https:\/\/sjloyola.org\/wp-content\/uploads\/2025\/10\/Chardin-Loiola-Zentroa.avif","datePublished":"2025-10-17T14:11:38+00:00","dateModified":"2025-10-31T08:56:44+00:00","author":{"@id":"https:\/\/sjloyola.org\/eu\/#\/schema\/person\/91965d30e7fbf328542b4fc71e943604"},"breadcrumb":{"@id":"https:\/\/sjloyola.org\/eu\/teilhard-de-chardinen-ondarea\/#breadcrumb"},"inLanguage":"eu-ES","potentialAction":[{"@type":"ReadAction","target":["https:\/\/sjloyola.org\/eu\/teilhard-de-chardinen-ondarea\/"]}]},{"@type":"ImageObject","inLanguage":"eu-ES","@id":"https:\/\/sjloyola.org\/eu\/teilhard-de-chardinen-ondarea\/#primaryimage","url":"https:\/\/sjloyola.org\/wp-content\/uploads\/2025\/10\/Chardin-Loiola-Zentroa.avif","contentUrl":"https:\/\/sjloyola.org\/wp-content\/uploads\/2025\/10\/Chardin-Loiola-Zentroa.avif","width":1236,"height":695},{"@type":"BreadcrumbList","@id":"https:\/\/sjloyola.org\/eu\/teilhard-de-chardinen-ondarea\/#breadcrumb","itemListElement":[{"@type":"ListItem","position":1,"name":"Portada","item":"https:\/\/sjloyola.org\/eu\/kantabria-errioxa-euskadi-eta-nafarroako-jesuitak\/"},{"@type":"ListItem","position":2,"name":"Teilhard de Chardinen ondarea"}]},{"@type":"WebSite","@id":"https:\/\/sjloyola.org\/eu\/#website","url":"https:\/\/sjloyola.org\/eu\/","name":"Jesuitas Loyola","description":"Plataforma Apost\u00f3lica de los Jesuitas en Cantabria, Pa\u00eds Vasco y Navarra","potentialAction":[{"@type":"SearchAction","target":{"@type":"EntryPoint","urlTemplate":"https:\/\/sjloyola.org\/eu\/?s={search_term_string}"},"query-input":{"@type":"PropertyValueSpecification","valueRequired":true,"valueName":"search_term_string"}}],"inLanguage":"eu-ES"},{"@type":"Person","@id":"https:\/\/sjloyola.org\/eu\/#\/schema\/person\/91965d30e7fbf328542b4fc71e943604","name":"Vicente Marcuello","image":{"@type":"ImageObject","inLanguage":"eu-ES","@id":"https:\/\/secure.gravatar.com\/avatar\/6f820696a75d9dbfe4f371018a143e0c897ac0a40f8bc362086bdbf39693184d?s=96&d=mm&r=g","url":"https:\/\/secure.gravatar.com\/avatar\/6f820696a75d9dbfe4f371018a143e0c897ac0a40f8bc362086bdbf39693184d?s=96&d=mm&r=g","contentUrl":"https:\/\/secure.gravatar.com\/avatar\/6f820696a75d9dbfe4f371018a143e0c897ac0a40f8bc362086bdbf39693184d?s=96&d=mm&r=g","caption":"Vicente Marcuello"},"url":"https:\/\/sjloyola.org\/eu\/author\/vicente\/"}]}},"_links":{"self":[{"href":"https:\/\/sjloyola.org\/eu\/wp-json\/wp\/v2\/posts\/9703","targetHints":{"allow":["GET"]}}],"collection":[{"href":"https:\/\/sjloyola.org\/eu\/wp-json\/wp\/v2\/posts"}],"about":[{"href":"https:\/\/sjloyola.org\/eu\/wp-json\/wp\/v2\/types\/post"}],"author":[{"embeddable":true,"href":"https:\/\/sjloyola.org\/eu\/wp-json\/wp\/v2\/users\/5"}],"replies":[{"embeddable":true,"href":"https:\/\/sjloyola.org\/eu\/wp-json\/wp\/v2\/comments?post=9703"}],"version-history":[{"count":1,"href":"https:\/\/sjloyola.org\/eu\/wp-json\/wp\/v2\/posts\/9703\/revisions"}],"predecessor-version":[{"id":9704,"href":"https:\/\/sjloyola.org\/eu\/wp-json\/wp\/v2\/posts\/9703\/revisions\/9704"}],"wp:featuredmedia":[{"embeddable":true,"href":"https:\/\/sjloyola.org\/eu\/wp-json\/wp\/v2\/media\/9701"}],"wp:attachment":[{"href":"https:\/\/sjloyola.org\/eu\/wp-json\/wp\/v2\/media?parent=9703"}],"wp:term":[{"taxonomy":"category","embeddable":true,"href":"https:\/\/sjloyola.org\/eu\/wp-json\/wp\/v2\/categories?post=9703"},{"taxonomy":"post_tag","embeddable":true,"href":"https:\/\/sjloyola.org\/eu\/wp-json\/wp\/v2\/tags?post=9703"}],"curies":[{"name":"wp","href":"https:\/\/api.w.org\/{rel}","templated":true}]}}