{"id":9432,"date":"2025-09-04T08:20:20","date_gmt":"2025-09-04T06:20:20","guid":{"rendered":"https:\/\/sjloyola.org\/deustuko-unibertsitateko-gobernu-kontseiluko-presidente-berria\/"},"modified":"2025-09-04T12:14:11","modified_gmt":"2025-09-04T10:14:11","slug":"deustuko-unibertsitateko-gobernu-kontseiluko-presidente-berria","status":"publish","type":"post","link":"https:\/\/sjloyola.org\/eu\/deustuko-unibertsitateko-gobernu-kontseiluko-presidente-berria\/","title":{"rendered":"Deustuko Unibertsitateko Gobernu Kontseiluko presidente berria"},"content":{"rendered":"\n<p>Deustuko Unibertsitateak gaur, irailak 3, egin du Francisco Jos\u00e9 Ruiz P\u00e9rez SJ jesuitaren kargu-hartze ekitaldia, Francisco Javier L\u00f3pez Ariztegui SJ kargu horretan hainbat urtez zerbitzuan egon ondoren. Enric Puiggr\u00f2s SJ Jesusen Lagundiaren Espainiako probintziala eta Unibertsitateko kantziler ordezkaria izan zen zeremoniaren buru, eta Gobernu Kontseiluko kideek, agintari akademikoek eta unibertsitateko elkarteko ordezkariek parte hartu zuten. <\/p>\n\n<p>Gobernu Kontseilua da unibertsitateko politika definitzeaz, haren gobernuko ildo nagusiak zehazteaz eta haren irudia gizartean sustatzeaz arduratzen den organoa, haren nortasunaren eta misioaren arabera. Hainbat esparru akademiko, instituzional eta sozialetako ordezkariek osatzen dute <\/p>\n\n<p><strong>Deustoren espiritua<\/strong><\/p>\n\n<p>Agurreko hitzaldian, Francisco Javier L\u00f3pez Arizteguik (SJ) Kontseiluaren buru izan zen garaia gogoratu zuen, unibertsitateko elkarteari zerbitzu eginez eta lankidetzan eman zuena. Deusto \u00abbidegurutzea baino askoz gehiago\u00bb dela azpimarratu zuen, eta pertsonak, gazteak eta adinekoak, enpresak eta erakundeak eta askotariko kulturak aurkitzen, trukatzen, aberasten eta hazten diren lekua dela. \u00abPertsonen ametsen sehaska eta forja da\u00bb. Eta, guztia bilduta, adierazi zuen \u00abDeustuko Unibertsitateko espiritua dagoela, 140 urteko historia gidatzen duena\u00bb. Amaitzeko, esker ona adierazi zien Gobernu Kontseiluko eta Zuzendaritza Kontseiluko kideei eta unibertsitateko elkarte osoari.    <\/p>\n\n<p>Presidente berria, Francisco Jos\u00e9 Ruiz P\u00e9rez SJ, Teologian doktorea eta Teologia Fakultateko irakaslea da, eta azken urteotan zuzendaritza ardurak izan ditu Unibertsitatean, fakultate horretako dekano eta Zuzendaritza Kontseiluko kide gisa (2018-2025). Teologia Dogmatikoko irakaslea ere izan da La Cartujako (Granada) Teologia Fakultatean. Baina jesuita gisa egindako ibilbide luzean barne zerbitzuan murgildu da. Horrela, 20 urte baino gehiago daramatza Jesusen Lagundiaren barruan gobernu karguak betetzen   <\/p>\n\n<p>Lehenik, Probintzia Betikoko (Andaluzia eta Kanariak) probintziala izan zen 2004tik 2010era, eta Espainiako probintzial izendatu zuten. 2014an, Espainiako probintzia jesuita guztiak bakar batean batu ziren, Espainiako Probintzian, eta bertako probintzial izendatu zuten. Agintaldian horretan, ahalegin guztiak egin zituen integrazioa gauzatzeko eta egitura eta harreman onenak bilatzeko Probintziako 1.100 jesuitentzat, 200 erakunde baino gehiagorentzat eta milaka laguntzailerentzat.  <\/p>\n\n<p>Hitzaldian, Francisco Jos\u00e9 Ruizek adierazi zuen \u00abbide bat bera ere ez dela lehena, aurreko beste batzuen jarraipena baizik\u00bb, eta bereziki eskertu zuen bere aurrekoen lana, Javier L\u00f3pez Arizteguirean eta Jes\u00fas Mar\u00eda Eguiluzena, hain zuzen. Kontseiluak \u00abunibertsitatearen misioaren kontzientzia\u00bb gisa duen garrantzia azpimarratu zuen, Deustuko Unibertsitateak ikasleei funtsezko gauzak gertatzen jarraitzeko leku pribilegiatua izaten jarrai dezan, eta gogorarazi zuen leku horretan \u00abaskatasun arduratsuak, justiziarekiko grina eta zentzuzko eta garrantzizko galderetara ausardiaz zabaltzea\u00bb gauzatzen jarraitu behar duela, beti ere irakaskuntzak eta ikerketak horretara eramaten baititu, inaziotar espirituak bultzatuta daudenean. Amaitzeko, \u00abDeustoko espiritua\u00bb ere aipatu zuen, hori baita gauzei aurrez aurre begiratzeko eta pertsonentzat hobeak izatera deituta badaude, alda daitezkeela onartzeko modu egokia.  <\/p>\n\n<p>Enric Puiggr\u00f2s Espainiako probintzialak ere eskertu zuen Javier L\u00f3pez Arizteguik azken urteotan egindako lan eskuzabala, eta Jesusen Lagundiaren Proiektu Apostoliko berria Espainian hedatzeak ekarriko duen garaian zeregin hori bere gain hartzera animatu zuen presidente berria. Nabarmendu zuen unibertsitateko lana maitasunean, itxaropenean eta lankidetzan sustraitu behar dela, ezinbesteko baldintza baita gizartearen erronkei aniztasunetik eta sektoreartekotasunetik aurre egiteko. Era berean, gogora ekarri zuen inaziotar tradizioarekiko benetako fideltasuna garaien zeinuei emandako erantzun sortzaileen bidez adierazten dela, eta Deustuko Unibertsitatea animatu zuen espazio irekia izaten jarraitu dezan, justiziarekin konprometitua eta beste erakunde batzuekin sarean lan egiteko gai dena, gizartea sakonago eraldatzen laguntzeko.  <\/p>\n\n<p>Sormena: UD<\/p>\n","protected":false},"excerpt":{"rendered":"<p>Deustuko Unibertsitateak gaur, irailak 3, egin du Francisco Jos\u00e9 Ruiz P\u00e9rez SJ jesuitaren kargu-hartze ekitaldia, Francisco Javier L\u00f3pez Ariztegui SJ kargu horretan hainbat urtez zerbitzuan egon ondoren. Enric Puiggr\u00f2s SJ [&hellip;]<\/p>\n","protected":false},"author":5,"featured_media":9417,"comment_status":"closed","ping_status":"closed","sticky":false,"template":"","format":"standard","meta":{"_et_pb_use_builder":"","_et_pb_old_content":"","_et_gb_content_width":"","_price":"","_stock":"","_tribe_ticket_header":"","_tribe_default_ticket_provider":"","_ticket_start_date":"","_ticket_end_date":"","_tribe_ticket_show_description":"","_tribe_ticket_show_not_going":false,"_tribe_ticket_use_global_stock":"","_tribe_ticket_global_stock_level":"","_global_stock_mode":"","_global_stock_cap":"","_tribe_rsvp_for_event":"","_tribe_ticket_going_count":"","_tribe_ticket_not_going_count":"","_tribe_tickets_list":"[]","_tribe_ticket_has_attendee_info_fields":false,"footnotes":""},"categories":[287],"tags":[],"class_list":["post-9432","post","type-post","status-publish","format-standard","has-post-thumbnail","hentry","category-deusto-eu"],"yoast_head":"<!-- This site is optimized with the Yoast SEO plugin v27.5 - https:\/\/yoast.com\/product\/yoast-seo-wordpress\/ -->\n<title>Deustuko Unibertsitateko Gobernu Kontseiluko presidente berria - Jesuitas Loyola<\/title>\n<meta name=\"robots\" content=\"index, follow, max-snippet:-1, max-image-preview:large, max-video-preview:-1\" \/>\n<link rel=\"canonical\" href=\"https:\/\/sjloyola.org\/eu\/deustuko-unibertsitateko-gobernu-kontseiluko-presidente-berria\/\" \/>\n<meta property=\"og:locale\" content=\"eu_ES\" \/>\n<meta property=\"og:type\" content=\"article\" \/>\n<meta property=\"og:title\" content=\"Deustuko Unibertsitateko Gobernu Kontseiluko presidente berria - Jesuitas Loyola\" \/>\n<meta property=\"og:description\" content=\"Deustuko Unibertsitateak gaur, irailak 3, egin du Francisco Jos\u00e9 Ruiz P\u00e9rez SJ jesuitaren kargu-hartze ekitaldia, Francisco Javier L\u00f3pez Ariztegui SJ kargu horretan hainbat urtez zerbitzuan egon ondoren. Enric Puiggr\u00f2s SJ [&hellip;]\" \/>\n<meta property=\"og:url\" content=\"https:\/\/sjloyola.org\/eu\/deustuko-unibertsitateko-gobernu-kontseiluko-presidente-berria\/\" \/>\n<meta property=\"og:site_name\" content=\"Jesuitas Loyola\" \/>\n<meta property=\"article:published_time\" content=\"2025-09-04T06:20:20+00:00\" \/>\n<meta property=\"article:modified_time\" content=\"2025-09-04T10:14:11+00:00\" \/>\n<meta property=\"og:image\" content=\"https:\/\/sjloyola.org\/wp-content\/uploads\/2025\/09\/Consejo-Gobierno-1380.avif\" \/>\n\t<meta property=\"og:image:width\" content=\"1209\" \/>\n\t<meta property=\"og:image:height\" content=\"680\" \/>\n\t<meta property=\"og:image:type\" content=\"image\/jpeg\" \/>\n<meta name=\"author\" content=\"Vicente Marcuello\" \/>\n<meta name=\"twitter:card\" content=\"summary_large_image\" \/>\n<meta name=\"twitter:label1\" content=\"Written by\" \/>\n\t<meta name=\"twitter:data1\" content=\"Vicente Marcuello\" \/>\n\t<meta name=\"twitter:label2\" content=\"Est. reading time\" \/>\n\t<meta name=\"twitter:data2\" content=\"3 minutes\" \/>\n<script type=\"application\/ld+json\" class=\"yoast-schema-graph\">{\"@context\":\"https:\\\/\\\/schema.org\",\"@graph\":[{\"@type\":\"Article\",\"@id\":\"https:\\\/\\\/sjloyola.org\\\/eu\\\/deustuko-unibertsitateko-gobernu-kontseiluko-presidente-berria\\\/#article\",\"isPartOf\":{\"@id\":\"https:\\\/\\\/sjloyola.org\\\/eu\\\/deustuko-unibertsitateko-gobernu-kontseiluko-presidente-berria\\\/\"},\"author\":{\"name\":\"Vicente Marcuello\",\"@id\":\"https:\\\/\\\/sjloyola.org\\\/eu\\\/#\\\/schema\\\/person\\\/91965d30e7fbf328542b4fc71e943604\"},\"headline\":\"Deustuko Unibertsitateko Gobernu Kontseiluko presidente berria\",\"datePublished\":\"2025-09-04T06:20:20+00:00\",\"dateModified\":\"2025-09-04T10:14:11+00:00\",\"mainEntityOfPage\":{\"@id\":\"https:\\\/\\\/sjloyola.org\\\/eu\\\/deustuko-unibertsitateko-gobernu-kontseiluko-presidente-berria\\\/\"},\"wordCount\":515,\"image\":{\"@id\":\"https:\\\/\\\/sjloyola.org\\\/eu\\\/deustuko-unibertsitateko-gobernu-kontseiluko-presidente-berria\\\/#primaryimage\"},\"thumbnailUrl\":\"https:\\\/\\\/sjloyola.org\\\/wp-content\\\/uploads\\\/2025\\\/09\\\/Consejo-Gobierno-1380.avif\",\"articleSection\":[\"DEUSTO\"],\"inLanguage\":\"eu-ES\"},{\"@type\":\"WebPage\",\"@id\":\"https:\\\/\\\/sjloyola.org\\\/eu\\\/deustuko-unibertsitateko-gobernu-kontseiluko-presidente-berria\\\/\",\"url\":\"https:\\\/\\\/sjloyola.org\\\/eu\\\/deustuko-unibertsitateko-gobernu-kontseiluko-presidente-berria\\\/\",\"name\":\"Deustuko Unibertsitateko Gobernu Kontseiluko presidente berria - Jesuitas Loyola\",\"isPartOf\":{\"@id\":\"https:\\\/\\\/sjloyola.org\\\/eu\\\/#website\"},\"primaryImageOfPage\":{\"@id\":\"https:\\\/\\\/sjloyola.org\\\/eu\\\/deustuko-unibertsitateko-gobernu-kontseiluko-presidente-berria\\\/#primaryimage\"},\"image\":{\"@id\":\"https:\\\/\\\/sjloyola.org\\\/eu\\\/deustuko-unibertsitateko-gobernu-kontseiluko-presidente-berria\\\/#primaryimage\"},\"thumbnailUrl\":\"https:\\\/\\\/sjloyola.org\\\/wp-content\\\/uploads\\\/2025\\\/09\\\/Consejo-Gobierno-1380.avif\",\"datePublished\":\"2025-09-04T06:20:20+00:00\",\"dateModified\":\"2025-09-04T10:14:11+00:00\",\"author\":{\"@id\":\"https:\\\/\\\/sjloyola.org\\\/eu\\\/#\\\/schema\\\/person\\\/91965d30e7fbf328542b4fc71e943604\"},\"breadcrumb\":{\"@id\":\"https:\\\/\\\/sjloyola.org\\\/eu\\\/deustuko-unibertsitateko-gobernu-kontseiluko-presidente-berria\\\/#breadcrumb\"},\"inLanguage\":\"eu-ES\",\"potentialAction\":[{\"@type\":\"ReadAction\",\"target\":[\"https:\\\/\\\/sjloyola.org\\\/eu\\\/deustuko-unibertsitateko-gobernu-kontseiluko-presidente-berria\\\/\"]}]},{\"@type\":\"ImageObject\",\"inLanguage\":\"eu-ES\",\"@id\":\"https:\\\/\\\/sjloyola.org\\\/eu\\\/deustuko-unibertsitateko-gobernu-kontseiluko-presidente-berria\\\/#primaryimage\",\"url\":\"https:\\\/\\\/sjloyola.org\\\/wp-content\\\/uploads\\\/2025\\\/09\\\/Consejo-Gobierno-1380.avif\",\"contentUrl\":\"https:\\\/\\\/sjloyola.org\\\/wp-content\\\/uploads\\\/2025\\\/09\\\/Consejo-Gobierno-1380.avif\",\"width\":1209,\"height\":680},{\"@type\":\"BreadcrumbList\",\"@id\":\"https:\\\/\\\/sjloyola.org\\\/eu\\\/deustuko-unibertsitateko-gobernu-kontseiluko-presidente-berria\\\/#breadcrumb\",\"itemListElement\":[{\"@type\":\"ListItem\",\"position\":1,\"name\":\"Portada\",\"item\":\"https:\\\/\\\/sjloyola.org\\\/eu\\\/kantabria-errioxa-euskadi-eta-nafarroako-jesuitak\\\/\"},{\"@type\":\"ListItem\",\"position\":2,\"name\":\"Deustuko Unibertsitateko Gobernu Kontseiluko presidente berria\"}]},{\"@type\":\"WebSite\",\"@id\":\"https:\\\/\\\/sjloyola.org\\\/eu\\\/#website\",\"url\":\"https:\\\/\\\/sjloyola.org\\\/eu\\\/\",\"name\":\"Jesuitas Loyola\",\"description\":\"Plataforma Apost\u00f3lica de los Jesuitas en Cantabria, Pa\u00eds Vasco y Navarra\",\"potentialAction\":[{\"@type\":\"SearchAction\",\"target\":{\"@type\":\"EntryPoint\",\"urlTemplate\":\"https:\\\/\\\/sjloyola.org\\\/eu\\\/?s={search_term_string}\"},\"query-input\":{\"@type\":\"PropertyValueSpecification\",\"valueRequired\":true,\"valueName\":\"search_term_string\"}}],\"inLanguage\":\"eu-ES\"},{\"@type\":\"Person\",\"@id\":\"https:\\\/\\\/sjloyola.org\\\/eu\\\/#\\\/schema\\\/person\\\/91965d30e7fbf328542b4fc71e943604\",\"name\":\"Vicente Marcuello\",\"image\":{\"@type\":\"ImageObject\",\"inLanguage\":\"eu-ES\",\"@id\":\"https:\\\/\\\/secure.gravatar.com\\\/avatar\\\/6f820696a75d9dbfe4f371018a143e0c897ac0a40f8bc362086bdbf39693184d?s=96&d=mm&r=g\",\"url\":\"https:\\\/\\\/secure.gravatar.com\\\/avatar\\\/6f820696a75d9dbfe4f371018a143e0c897ac0a40f8bc362086bdbf39693184d?s=96&d=mm&r=g\",\"contentUrl\":\"https:\\\/\\\/secure.gravatar.com\\\/avatar\\\/6f820696a75d9dbfe4f371018a143e0c897ac0a40f8bc362086bdbf39693184d?s=96&d=mm&r=g\",\"caption\":\"Vicente Marcuello\"},\"url\":\"https:\\\/\\\/sjloyola.org\\\/eu\\\/author\\\/vicente\\\/\"}]}<\/script>\n<!-- \/ Yoast SEO plugin. -->","yoast_head_json":{"title":"Deustuko Unibertsitateko Gobernu Kontseiluko presidente berria - Jesuitas Loyola","robots":{"index":"index","follow":"follow","max-snippet":"max-snippet:-1","max-image-preview":"max-image-preview:large","max-video-preview":"max-video-preview:-1"},"canonical":"https:\/\/sjloyola.org\/eu\/deustuko-unibertsitateko-gobernu-kontseiluko-presidente-berria\/","og_locale":"eu_ES","og_type":"article","og_title":"Deustuko Unibertsitateko Gobernu Kontseiluko presidente berria - Jesuitas Loyola","og_description":"Deustuko Unibertsitateak gaur, irailak 3, egin du Francisco Jos\u00e9 Ruiz P\u00e9rez SJ jesuitaren kargu-hartze ekitaldia, Francisco Javier L\u00f3pez Ariztegui SJ kargu horretan hainbat urtez zerbitzuan egon ondoren. Enric Puiggr\u00f2s SJ [&hellip;]","og_url":"https:\/\/sjloyola.org\/eu\/deustuko-unibertsitateko-gobernu-kontseiluko-presidente-berria\/","og_site_name":"Jesuitas Loyola","article_published_time":"2025-09-04T06:20:20+00:00","article_modified_time":"2025-09-04T10:14:11+00:00","og_image":[{"width":1209,"height":680,"url":"https:\/\/sjloyola.org\/wp-content\/uploads\/2025\/09\/Consejo-Gobierno-1380.avif","type":"image\/jpeg"}],"author":"Vicente Marcuello","twitter_card":"summary_large_image","twitter_misc":{"Written by":"Vicente Marcuello","Est. reading time":"3 minutes"},"schema":{"@context":"https:\/\/schema.org","@graph":[{"@type":"Article","@id":"https:\/\/sjloyola.org\/eu\/deustuko-unibertsitateko-gobernu-kontseiluko-presidente-berria\/#article","isPartOf":{"@id":"https:\/\/sjloyola.org\/eu\/deustuko-unibertsitateko-gobernu-kontseiluko-presidente-berria\/"},"author":{"name":"Vicente Marcuello","@id":"https:\/\/sjloyola.org\/eu\/#\/schema\/person\/91965d30e7fbf328542b4fc71e943604"},"headline":"Deustuko Unibertsitateko Gobernu Kontseiluko presidente berria","datePublished":"2025-09-04T06:20:20+00:00","dateModified":"2025-09-04T10:14:11+00:00","mainEntityOfPage":{"@id":"https:\/\/sjloyola.org\/eu\/deustuko-unibertsitateko-gobernu-kontseiluko-presidente-berria\/"},"wordCount":515,"image":{"@id":"https:\/\/sjloyola.org\/eu\/deustuko-unibertsitateko-gobernu-kontseiluko-presidente-berria\/#primaryimage"},"thumbnailUrl":"https:\/\/sjloyola.org\/wp-content\/uploads\/2025\/09\/Consejo-Gobierno-1380.avif","articleSection":["DEUSTO"],"inLanguage":"eu-ES"},{"@type":"WebPage","@id":"https:\/\/sjloyola.org\/eu\/deustuko-unibertsitateko-gobernu-kontseiluko-presidente-berria\/","url":"https:\/\/sjloyola.org\/eu\/deustuko-unibertsitateko-gobernu-kontseiluko-presidente-berria\/","name":"Deustuko Unibertsitateko Gobernu Kontseiluko presidente berria - Jesuitas Loyola","isPartOf":{"@id":"https:\/\/sjloyola.org\/eu\/#website"},"primaryImageOfPage":{"@id":"https:\/\/sjloyola.org\/eu\/deustuko-unibertsitateko-gobernu-kontseiluko-presidente-berria\/#primaryimage"},"image":{"@id":"https:\/\/sjloyola.org\/eu\/deustuko-unibertsitateko-gobernu-kontseiluko-presidente-berria\/#primaryimage"},"thumbnailUrl":"https:\/\/sjloyola.org\/wp-content\/uploads\/2025\/09\/Consejo-Gobierno-1380.avif","datePublished":"2025-09-04T06:20:20+00:00","dateModified":"2025-09-04T10:14:11+00:00","author":{"@id":"https:\/\/sjloyola.org\/eu\/#\/schema\/person\/91965d30e7fbf328542b4fc71e943604"},"breadcrumb":{"@id":"https:\/\/sjloyola.org\/eu\/deustuko-unibertsitateko-gobernu-kontseiluko-presidente-berria\/#breadcrumb"},"inLanguage":"eu-ES","potentialAction":[{"@type":"ReadAction","target":["https:\/\/sjloyola.org\/eu\/deustuko-unibertsitateko-gobernu-kontseiluko-presidente-berria\/"]}]},{"@type":"ImageObject","inLanguage":"eu-ES","@id":"https:\/\/sjloyola.org\/eu\/deustuko-unibertsitateko-gobernu-kontseiluko-presidente-berria\/#primaryimage","url":"https:\/\/sjloyola.org\/wp-content\/uploads\/2025\/09\/Consejo-Gobierno-1380.avif","contentUrl":"https:\/\/sjloyola.org\/wp-content\/uploads\/2025\/09\/Consejo-Gobierno-1380.avif","width":1209,"height":680},{"@type":"BreadcrumbList","@id":"https:\/\/sjloyola.org\/eu\/deustuko-unibertsitateko-gobernu-kontseiluko-presidente-berria\/#breadcrumb","itemListElement":[{"@type":"ListItem","position":1,"name":"Portada","item":"https:\/\/sjloyola.org\/eu\/kantabria-errioxa-euskadi-eta-nafarroako-jesuitak\/"},{"@type":"ListItem","position":2,"name":"Deustuko Unibertsitateko Gobernu Kontseiluko presidente berria"}]},{"@type":"WebSite","@id":"https:\/\/sjloyola.org\/eu\/#website","url":"https:\/\/sjloyola.org\/eu\/","name":"Jesuitas Loyola","description":"Plataforma Apost\u00f3lica de los Jesuitas en Cantabria, Pa\u00eds Vasco y Navarra","potentialAction":[{"@type":"SearchAction","target":{"@type":"EntryPoint","urlTemplate":"https:\/\/sjloyola.org\/eu\/?s={search_term_string}"},"query-input":{"@type":"PropertyValueSpecification","valueRequired":true,"valueName":"search_term_string"}}],"inLanguage":"eu-ES"},{"@type":"Person","@id":"https:\/\/sjloyola.org\/eu\/#\/schema\/person\/91965d30e7fbf328542b4fc71e943604","name":"Vicente Marcuello","image":{"@type":"ImageObject","inLanguage":"eu-ES","@id":"https:\/\/secure.gravatar.com\/avatar\/6f820696a75d9dbfe4f371018a143e0c897ac0a40f8bc362086bdbf39693184d?s=96&d=mm&r=g","url":"https:\/\/secure.gravatar.com\/avatar\/6f820696a75d9dbfe4f371018a143e0c897ac0a40f8bc362086bdbf39693184d?s=96&d=mm&r=g","contentUrl":"https:\/\/secure.gravatar.com\/avatar\/6f820696a75d9dbfe4f371018a143e0c897ac0a40f8bc362086bdbf39693184d?s=96&d=mm&r=g","caption":"Vicente Marcuello"},"url":"https:\/\/sjloyola.org\/eu\/author\/vicente\/"}]}},"_links":{"self":[{"href":"https:\/\/sjloyola.org\/eu\/wp-json\/wp\/v2\/posts\/9432","targetHints":{"allow":["GET"]}}],"collection":[{"href":"https:\/\/sjloyola.org\/eu\/wp-json\/wp\/v2\/posts"}],"about":[{"href":"https:\/\/sjloyola.org\/eu\/wp-json\/wp\/v2\/types\/post"}],"author":[{"embeddable":true,"href":"https:\/\/sjloyola.org\/eu\/wp-json\/wp\/v2\/users\/5"}],"replies":[{"embeddable":true,"href":"https:\/\/sjloyola.org\/eu\/wp-json\/wp\/v2\/comments?post=9432"}],"version-history":[{"count":1,"href":"https:\/\/sjloyola.org\/eu\/wp-json\/wp\/v2\/posts\/9432\/revisions"}],"predecessor-version":[{"id":9433,"href":"https:\/\/sjloyola.org\/eu\/wp-json\/wp\/v2\/posts\/9432\/revisions\/9433"}],"wp:featuredmedia":[{"embeddable":true,"href":"https:\/\/sjloyola.org\/eu\/wp-json\/wp\/v2\/media\/9417"}],"wp:attachment":[{"href":"https:\/\/sjloyola.org\/eu\/wp-json\/wp\/v2\/media?parent=9432"}],"wp:term":[{"taxonomy":"category","embeddable":true,"href":"https:\/\/sjloyola.org\/eu\/wp-json\/wp\/v2\/categories?post=9432"},{"taxonomy":"post_tag","embeddable":true,"href":"https:\/\/sjloyola.org\/eu\/wp-json\/wp\/v2\/tags?post=9432"}],"curies":[{"name":"wp","href":"https:\/\/api.w.org\/{rel}","templated":true}]}}