{"id":9032,"date":"2025-04-09T18:00:00","date_gmt":"2025-04-09T16:00:00","guid":{"rendered":"https:\/\/sjloyola.org\/pentsatzen-irakasten-zuen-irakasleari\/"},"modified":"2025-04-09T18:05:42","modified_gmt":"2025-04-09T16:05:42","slug":"pentsatzen-irakasten-zuen-irakasleari","status":"publish","type":"post","link":"https:\/\/sjloyola.org\/eu\/pentsatzen-irakasten-zuen-irakasleari\/","title":{"rendered":"Pentsatzen irakasten zuen irakasleari"},"content":{"rendered":"\n<p><strong>Deustuko Unibertsitatearen omenaldia Jos\u00e9 Ram\u00f3n Scheifler jesuitari, pentsatzen irakasten zuen irakasleari<\/strong><\/p>\n\n<p>Deustuko Unibertsitateak Jos\u00e9 Ram\u00f3n Scheifler, el profesor que ense\u00f1aba a pensar lana aurkeztu du gaur, apirilak 9, asteazkena, ikasle belaunaldi asko eta askoren maisua izan zen jesuitari omenaldia egiteko. Izan ere, ia berrogeita hamar urtez bizitzaren eta testu sakratuen aurrean gogoeta egiten eta pentsamendu kritikoa izaten irakatsi zien ikasle belaunaldiei, betiere bere ikerketa-lana ardatz harturik.<\/p>\n\n<p>Ekitaldi akademikoan Bilboko gizarteko, bizitza akademiko, kultural eta politikoko ordezkariek parte hartu dute, baita unibertsitateko lagun, ikasle eta lankide ugarik ere. <\/p>\n\n<p>Ekitaldi akademikoan Bilboko gizarteko, bizitza akademiko, kultural eta politikoko ordezkariek parte hartu dute, baita unibertsitateko lagun, ikasle eta lankide ugarik ere. Era berean, Juan Jose Etxeberria Deustuko Unibertsitateko errektoreak, Jose Manuel Barrenetxea katedradun emerituak, Eugenio Ibarzabal kazetariak, Javier Batarrita abokatuak eta Rosa Miren Pagola katedradun emerituak parte hartu dute eta 2021ean hil zen irakasle eta maisuaren biografiaren zertzeladak marraztu dituzte.<\/p>\n\n<p>Jos\u00e9 Ram\u00f3n Scheifler Bilbon jaio zela gogoratu dute, 1920an, jatorri alemaniarreko familia batean, aitaren aldetik, eta bilbotarra, amaren aldetik. Erbestea jasan zuen Gerra Zibilean eta 1938an Jesusen Konpainian sartu zen, Espainian, Erdialdeko Amerikan, Alemanian, Israelen eta Erroman hezkuntza jaso zuelarik. 1958an O\u00f1ako Teologia Fakultatera bidali zuten, eta hango dekano eta 1967an Deustuko Unibertsitatearekin bat egitearen bultzatzaile nagusi izan zen.  <\/p>\n\n<p>2021ean hil zen arte, unibertsitatearen beraren hazkundearen memoria bizia izan zen. Teologia Fakultateko dekano (1967-1973) eta idazkari nagusi (1988-1994) karguak bete zituen, eta beste ardura asko hartu zituen: Eliz Ikasketen Batzorde Nazionaleko bokala, Aurrezki Kutxako Gizarte Ekintzako Batzordeko kidea, Deusto Forumeko kide sortzailea, Euskal Gaien Institutuko ondokoa, Fede eta Kristau Bizitzaren Institutuko koordinatzailea, San Vicenteko Teologia Eskolako irakaslea eta helduen katekesikoa, besteak beste.<\/p>\n\n<p>Ezagutu zutenek bere jarrera kritikoa eta Jainkoaren hitzaren sakontasuna gaur egungo gizakiari hurbiltzeko zuen gaitasuna nabarmendu dute, ulergarri eta sinesgarri eginez. Bere hitzez esanda: \u201cgauza bat da ezagutza ziurrak edo probableak behar bezala transmititzea, eta beste bat hazten, askatzen eta gero eta gizatiarrago bihurtzen laguntzea\u201d.<\/p>\n\n<figure class=\"wp-block-image size-large\"><img loading=\"lazy\" decoding=\"async\" width=\"698\" height=\"1024\" src=\"https:\/\/sjloyola.org\/wp-content\/uploads\/2025\/04\/image-698x1024.avif\" alt=\"\" class=\"wp-image-9023\" srcset=\"https:\/\/sjloyola.org\/wp-content\/uploads\/2025\/04\/image-698x1024.avif 698w, https:\/\/sjloyola.org\/wp-content\/uploads\/2025\/04\/image-204x300.avif 204w, https:\/\/sjloyola.org\/wp-content\/uploads\/2025\/04\/image-480x704.avif 480w, https:\/\/sjloyola.org\/wp-content\/uploads\/2025\/04\/image-png.avif 700w\" sizes=\"(max-width: 698px) 100vw, 698px\" \/><\/figure>\n","protected":false},"excerpt":{"rendered":"<p>Deustuko Unibertsitatearen omenaldia Jos\u00e9 Ram\u00f3n Scheifler jesuitari, pentsatzen irakasten zuen irakasleari Deustuko Unibertsitateak Jos\u00e9 Ram\u00f3n Scheifler, el profesor que ense\u00f1aba a pensar lana aurkeztu du gaur, apirilak 9, asteazkena, ikasle [&hellip;]<\/p>\n","protected":false},"author":5,"featured_media":9030,"comment_status":"closed","ping_status":"closed","sticky":false,"template":"","format":"standard","meta":{"_et_pb_use_builder":"","_et_pb_old_content":"","_et_gb_content_width":"","_price":"","_stock":"","_tribe_ticket_header":"","_tribe_default_ticket_provider":"","_ticket_start_date":"","_ticket_end_date":"","_tribe_ticket_show_description":"","_tribe_ticket_show_not_going":false,"_tribe_ticket_use_global_stock":"","_tribe_ticket_global_stock_level":"","_global_stock_mode":"","_global_stock_cap":"","_tribe_rsvp_for_event":"","_tribe_ticket_going_count":"","_tribe_ticket_not_going_count":"","_tribe_tickets_list":"[]","_tribe_ticket_has_attendee_info_fields":false,"footnotes":""},"categories":[314,287],"tags":[375],"class_list":["post-9032","post","type-post","status-publish","format-standard","has-post-thumbnail","hentry","category-bilbo","category-deusto-eu","tag-deustuko-unibertsitatea"],"yoast_head":"<!-- This site is optimized with the Yoast SEO plugin v27.5 - https:\/\/yoast.com\/product\/yoast-seo-wordpress\/ -->\n<title>Pentsatzen irakasten zuen irakasleari - Jesuitas Loyola<\/title>\n<meta name=\"robots\" content=\"index, follow, max-snippet:-1, max-image-preview:large, max-video-preview:-1\" \/>\n<link rel=\"canonical\" href=\"https:\/\/sjloyola.org\/eu\/pentsatzen-irakasten-zuen-irakasleari\/\" \/>\n<meta property=\"og:locale\" content=\"eu_ES\" \/>\n<meta property=\"og:type\" content=\"article\" \/>\n<meta property=\"og:title\" content=\"Pentsatzen irakasten zuen irakasleari - Jesuitas Loyola\" \/>\n<meta property=\"og:description\" content=\"Deustuko Unibertsitatearen omenaldia Jos\u00e9 Ram\u00f3n Scheifler jesuitari, pentsatzen irakasten zuen irakasleari Deustuko Unibertsitateak Jos\u00e9 Ram\u00f3n Scheifler, el profesor que ense\u00f1aba a pensar lana aurkeztu du gaur, apirilak 9, asteazkena, ikasle [&hellip;]\" \/>\n<meta property=\"og:url\" content=\"https:\/\/sjloyola.org\/eu\/pentsatzen-irakasten-zuen-irakasleari\/\" \/>\n<meta property=\"og:site_name\" content=\"Jesuitas Loyola\" \/>\n<meta property=\"article:published_time\" content=\"2025-04-09T16:00:00+00:00\" \/>\n<meta property=\"article:modified_time\" content=\"2025-04-09T16:05:42+00:00\" \/>\n<meta property=\"og:image\" content=\"https:\/\/sjloyola.org\/wp-content\/uploads\/2025\/04\/Homenaje-Scheifler-1380.avif\" \/>\n\t<meta property=\"og:image:width\" content=\"1090\" \/>\n\t<meta property=\"og:image:height\" content=\"613\" \/>\n\t<meta property=\"og:image:type\" content=\"image\/jpeg\" \/>\n<meta name=\"author\" content=\"Vicente Marcuello\" \/>\n<meta name=\"twitter:card\" content=\"summary_large_image\" \/>\n<meta name=\"twitter:label1\" content=\"Written by\" \/>\n\t<meta name=\"twitter:data1\" content=\"Vicente Marcuello\" \/>\n\t<meta name=\"twitter:label2\" content=\"Est. reading time\" \/>\n\t<meta name=\"twitter:data2\" content=\"2 minutes\" \/>\n<script type=\"application\/ld+json\" class=\"yoast-schema-graph\">{\"@context\":\"https:\\\/\\\/schema.org\",\"@graph\":[{\"@type\":\"Article\",\"@id\":\"https:\\\/\\\/sjloyola.org\\\/eu\\\/pentsatzen-irakasten-zuen-irakasleari\\\/#article\",\"isPartOf\":{\"@id\":\"https:\\\/\\\/sjloyola.org\\\/eu\\\/pentsatzen-irakasten-zuen-irakasleari\\\/\"},\"author\":{\"name\":\"Vicente Marcuello\",\"@id\":\"https:\\\/\\\/sjloyola.org\\\/eu\\\/#\\\/schema\\\/person\\\/91965d30e7fbf328542b4fc71e943604\"},\"headline\":\"Pentsatzen irakasten zuen irakasleari\",\"datePublished\":\"2025-04-09T16:00:00+00:00\",\"dateModified\":\"2025-04-09T16:05:42+00:00\",\"mainEntityOfPage\":{\"@id\":\"https:\\\/\\\/sjloyola.org\\\/eu\\\/pentsatzen-irakasten-zuen-irakasleari\\\/\"},\"wordCount\":322,\"image\":{\"@id\":\"https:\\\/\\\/sjloyola.org\\\/eu\\\/pentsatzen-irakasten-zuen-irakasleari\\\/#primaryimage\"},\"thumbnailUrl\":\"https:\\\/\\\/sjloyola.org\\\/wp-content\\\/uploads\\\/2025\\\/04\\\/Homenaje-Scheifler-1380.avif\",\"keywords\":[\"Deustuko unibertsitatea\"],\"articleSection\":[\"Bilbo\",\"DEUSTO\"],\"inLanguage\":\"eu-ES\"},{\"@type\":\"WebPage\",\"@id\":\"https:\\\/\\\/sjloyola.org\\\/eu\\\/pentsatzen-irakasten-zuen-irakasleari\\\/\",\"url\":\"https:\\\/\\\/sjloyola.org\\\/eu\\\/pentsatzen-irakasten-zuen-irakasleari\\\/\",\"name\":\"Pentsatzen irakasten zuen irakasleari - Jesuitas Loyola\",\"isPartOf\":{\"@id\":\"https:\\\/\\\/sjloyola.org\\\/eu\\\/#website\"},\"primaryImageOfPage\":{\"@id\":\"https:\\\/\\\/sjloyola.org\\\/eu\\\/pentsatzen-irakasten-zuen-irakasleari\\\/#primaryimage\"},\"image\":{\"@id\":\"https:\\\/\\\/sjloyola.org\\\/eu\\\/pentsatzen-irakasten-zuen-irakasleari\\\/#primaryimage\"},\"thumbnailUrl\":\"https:\\\/\\\/sjloyola.org\\\/wp-content\\\/uploads\\\/2025\\\/04\\\/Homenaje-Scheifler-1380.avif\",\"datePublished\":\"2025-04-09T16:00:00+00:00\",\"dateModified\":\"2025-04-09T16:05:42+00:00\",\"author\":{\"@id\":\"https:\\\/\\\/sjloyola.org\\\/eu\\\/#\\\/schema\\\/person\\\/91965d30e7fbf328542b4fc71e943604\"},\"breadcrumb\":{\"@id\":\"https:\\\/\\\/sjloyola.org\\\/eu\\\/pentsatzen-irakasten-zuen-irakasleari\\\/#breadcrumb\"},\"inLanguage\":\"eu-ES\",\"potentialAction\":[{\"@type\":\"ReadAction\",\"target\":[\"https:\\\/\\\/sjloyola.org\\\/eu\\\/pentsatzen-irakasten-zuen-irakasleari\\\/\"]}]},{\"@type\":\"ImageObject\",\"inLanguage\":\"eu-ES\",\"@id\":\"https:\\\/\\\/sjloyola.org\\\/eu\\\/pentsatzen-irakasten-zuen-irakasleari\\\/#primaryimage\",\"url\":\"https:\\\/\\\/sjloyola.org\\\/wp-content\\\/uploads\\\/2025\\\/04\\\/Homenaje-Scheifler-1380.avif\",\"contentUrl\":\"https:\\\/\\\/sjloyola.org\\\/wp-content\\\/uploads\\\/2025\\\/04\\\/Homenaje-Scheifler-1380.avif\",\"width\":1090,\"height\":613},{\"@type\":\"BreadcrumbList\",\"@id\":\"https:\\\/\\\/sjloyola.org\\\/eu\\\/pentsatzen-irakasten-zuen-irakasleari\\\/#breadcrumb\",\"itemListElement\":[{\"@type\":\"ListItem\",\"position\":1,\"name\":\"Portada\",\"item\":\"https:\\\/\\\/sjloyola.org\\\/eu\\\/kantabria-errioxa-euskadi-eta-nafarroako-jesuitak\\\/\"},{\"@type\":\"ListItem\",\"position\":2,\"name\":\"Pentsatzen irakasten zuen irakasleari\"}]},{\"@type\":\"WebSite\",\"@id\":\"https:\\\/\\\/sjloyola.org\\\/eu\\\/#website\",\"url\":\"https:\\\/\\\/sjloyola.org\\\/eu\\\/\",\"name\":\"Jesuitas Loyola\",\"description\":\"Plataforma Apost\u00f3lica de los Jesuitas en Cantabria, Pa\u00eds Vasco y Navarra\",\"potentialAction\":[{\"@type\":\"SearchAction\",\"target\":{\"@type\":\"EntryPoint\",\"urlTemplate\":\"https:\\\/\\\/sjloyola.org\\\/eu\\\/?s={search_term_string}\"},\"query-input\":{\"@type\":\"PropertyValueSpecification\",\"valueRequired\":true,\"valueName\":\"search_term_string\"}}],\"inLanguage\":\"eu-ES\"},{\"@type\":\"Person\",\"@id\":\"https:\\\/\\\/sjloyola.org\\\/eu\\\/#\\\/schema\\\/person\\\/91965d30e7fbf328542b4fc71e943604\",\"name\":\"Vicente Marcuello\",\"image\":{\"@type\":\"ImageObject\",\"inLanguage\":\"eu-ES\",\"@id\":\"https:\\\/\\\/secure.gravatar.com\\\/avatar\\\/6f820696a75d9dbfe4f371018a143e0c897ac0a40f8bc362086bdbf39693184d?s=96&d=mm&r=g\",\"url\":\"https:\\\/\\\/secure.gravatar.com\\\/avatar\\\/6f820696a75d9dbfe4f371018a143e0c897ac0a40f8bc362086bdbf39693184d?s=96&d=mm&r=g\",\"contentUrl\":\"https:\\\/\\\/secure.gravatar.com\\\/avatar\\\/6f820696a75d9dbfe4f371018a143e0c897ac0a40f8bc362086bdbf39693184d?s=96&d=mm&r=g\",\"caption\":\"Vicente Marcuello\"},\"url\":\"https:\\\/\\\/sjloyola.org\\\/eu\\\/author\\\/vicente\\\/\"}]}<\/script>\n<!-- \/ Yoast SEO plugin. -->","yoast_head_json":{"title":"Pentsatzen irakasten zuen irakasleari - Jesuitas Loyola","robots":{"index":"index","follow":"follow","max-snippet":"max-snippet:-1","max-image-preview":"max-image-preview:large","max-video-preview":"max-video-preview:-1"},"canonical":"https:\/\/sjloyola.org\/eu\/pentsatzen-irakasten-zuen-irakasleari\/","og_locale":"eu_ES","og_type":"article","og_title":"Pentsatzen irakasten zuen irakasleari - Jesuitas Loyola","og_description":"Deustuko Unibertsitatearen omenaldia Jos\u00e9 Ram\u00f3n Scheifler jesuitari, pentsatzen irakasten zuen irakasleari Deustuko Unibertsitateak Jos\u00e9 Ram\u00f3n Scheifler, el profesor que ense\u00f1aba a pensar lana aurkeztu du gaur, apirilak 9, asteazkena, ikasle [&hellip;]","og_url":"https:\/\/sjloyola.org\/eu\/pentsatzen-irakasten-zuen-irakasleari\/","og_site_name":"Jesuitas Loyola","article_published_time":"2025-04-09T16:00:00+00:00","article_modified_time":"2025-04-09T16:05:42+00:00","og_image":[{"width":1090,"height":613,"url":"https:\/\/sjloyola.org\/wp-content\/uploads\/2025\/04\/Homenaje-Scheifler-1380.avif","type":"image\/jpeg"}],"author":"Vicente Marcuello","twitter_card":"summary_large_image","twitter_misc":{"Written by":"Vicente Marcuello","Est. reading time":"2 minutes"},"schema":{"@context":"https:\/\/schema.org","@graph":[{"@type":"Article","@id":"https:\/\/sjloyola.org\/eu\/pentsatzen-irakasten-zuen-irakasleari\/#article","isPartOf":{"@id":"https:\/\/sjloyola.org\/eu\/pentsatzen-irakasten-zuen-irakasleari\/"},"author":{"name":"Vicente Marcuello","@id":"https:\/\/sjloyola.org\/eu\/#\/schema\/person\/91965d30e7fbf328542b4fc71e943604"},"headline":"Pentsatzen irakasten zuen irakasleari","datePublished":"2025-04-09T16:00:00+00:00","dateModified":"2025-04-09T16:05:42+00:00","mainEntityOfPage":{"@id":"https:\/\/sjloyola.org\/eu\/pentsatzen-irakasten-zuen-irakasleari\/"},"wordCount":322,"image":{"@id":"https:\/\/sjloyola.org\/eu\/pentsatzen-irakasten-zuen-irakasleari\/#primaryimage"},"thumbnailUrl":"https:\/\/sjloyola.org\/wp-content\/uploads\/2025\/04\/Homenaje-Scheifler-1380.avif","keywords":["Deustuko unibertsitatea"],"articleSection":["Bilbo","DEUSTO"],"inLanguage":"eu-ES"},{"@type":"WebPage","@id":"https:\/\/sjloyola.org\/eu\/pentsatzen-irakasten-zuen-irakasleari\/","url":"https:\/\/sjloyola.org\/eu\/pentsatzen-irakasten-zuen-irakasleari\/","name":"Pentsatzen irakasten zuen irakasleari - Jesuitas Loyola","isPartOf":{"@id":"https:\/\/sjloyola.org\/eu\/#website"},"primaryImageOfPage":{"@id":"https:\/\/sjloyola.org\/eu\/pentsatzen-irakasten-zuen-irakasleari\/#primaryimage"},"image":{"@id":"https:\/\/sjloyola.org\/eu\/pentsatzen-irakasten-zuen-irakasleari\/#primaryimage"},"thumbnailUrl":"https:\/\/sjloyola.org\/wp-content\/uploads\/2025\/04\/Homenaje-Scheifler-1380.avif","datePublished":"2025-04-09T16:00:00+00:00","dateModified":"2025-04-09T16:05:42+00:00","author":{"@id":"https:\/\/sjloyola.org\/eu\/#\/schema\/person\/91965d30e7fbf328542b4fc71e943604"},"breadcrumb":{"@id":"https:\/\/sjloyola.org\/eu\/pentsatzen-irakasten-zuen-irakasleari\/#breadcrumb"},"inLanguage":"eu-ES","potentialAction":[{"@type":"ReadAction","target":["https:\/\/sjloyola.org\/eu\/pentsatzen-irakasten-zuen-irakasleari\/"]}]},{"@type":"ImageObject","inLanguage":"eu-ES","@id":"https:\/\/sjloyola.org\/eu\/pentsatzen-irakasten-zuen-irakasleari\/#primaryimage","url":"https:\/\/sjloyola.org\/wp-content\/uploads\/2025\/04\/Homenaje-Scheifler-1380.avif","contentUrl":"https:\/\/sjloyola.org\/wp-content\/uploads\/2025\/04\/Homenaje-Scheifler-1380.avif","width":1090,"height":613},{"@type":"BreadcrumbList","@id":"https:\/\/sjloyola.org\/eu\/pentsatzen-irakasten-zuen-irakasleari\/#breadcrumb","itemListElement":[{"@type":"ListItem","position":1,"name":"Portada","item":"https:\/\/sjloyola.org\/eu\/kantabria-errioxa-euskadi-eta-nafarroako-jesuitak\/"},{"@type":"ListItem","position":2,"name":"Pentsatzen irakasten zuen irakasleari"}]},{"@type":"WebSite","@id":"https:\/\/sjloyola.org\/eu\/#website","url":"https:\/\/sjloyola.org\/eu\/","name":"Jesuitas Loyola","description":"Plataforma Apost\u00f3lica de los Jesuitas en Cantabria, Pa\u00eds Vasco y Navarra","potentialAction":[{"@type":"SearchAction","target":{"@type":"EntryPoint","urlTemplate":"https:\/\/sjloyola.org\/eu\/?s={search_term_string}"},"query-input":{"@type":"PropertyValueSpecification","valueRequired":true,"valueName":"search_term_string"}}],"inLanguage":"eu-ES"},{"@type":"Person","@id":"https:\/\/sjloyola.org\/eu\/#\/schema\/person\/91965d30e7fbf328542b4fc71e943604","name":"Vicente Marcuello","image":{"@type":"ImageObject","inLanguage":"eu-ES","@id":"https:\/\/secure.gravatar.com\/avatar\/6f820696a75d9dbfe4f371018a143e0c897ac0a40f8bc362086bdbf39693184d?s=96&d=mm&r=g","url":"https:\/\/secure.gravatar.com\/avatar\/6f820696a75d9dbfe4f371018a143e0c897ac0a40f8bc362086bdbf39693184d?s=96&d=mm&r=g","contentUrl":"https:\/\/secure.gravatar.com\/avatar\/6f820696a75d9dbfe4f371018a143e0c897ac0a40f8bc362086bdbf39693184d?s=96&d=mm&r=g","caption":"Vicente Marcuello"},"url":"https:\/\/sjloyola.org\/eu\/author\/vicente\/"}]}},"_links":{"self":[{"href":"https:\/\/sjloyola.org\/eu\/wp-json\/wp\/v2\/posts\/9032","targetHints":{"allow":["GET"]}}],"collection":[{"href":"https:\/\/sjloyola.org\/eu\/wp-json\/wp\/v2\/posts"}],"about":[{"href":"https:\/\/sjloyola.org\/eu\/wp-json\/wp\/v2\/types\/post"}],"author":[{"embeddable":true,"href":"https:\/\/sjloyola.org\/eu\/wp-json\/wp\/v2\/users\/5"}],"replies":[{"embeddable":true,"href":"https:\/\/sjloyola.org\/eu\/wp-json\/wp\/v2\/comments?post=9032"}],"version-history":[{"count":1,"href":"https:\/\/sjloyola.org\/eu\/wp-json\/wp\/v2\/posts\/9032\/revisions"}],"predecessor-version":[{"id":9033,"href":"https:\/\/sjloyola.org\/eu\/wp-json\/wp\/v2\/posts\/9032\/revisions\/9033"}],"wp:featuredmedia":[{"embeddable":true,"href":"https:\/\/sjloyola.org\/eu\/wp-json\/wp\/v2\/media\/9030"}],"wp:attachment":[{"href":"https:\/\/sjloyola.org\/eu\/wp-json\/wp\/v2\/media?parent=9032"}],"wp:term":[{"taxonomy":"category","embeddable":true,"href":"https:\/\/sjloyola.org\/eu\/wp-json\/wp\/v2\/categories?post=9032"},{"taxonomy":"post_tag","embeddable":true,"href":"https:\/\/sjloyola.org\/eu\/wp-json\/wp\/v2\/tags?post=9032"}],"curies":[{"name":"wp","href":"https:\/\/api.w.org\/{rel}","templated":true}]}}