{"id":7804,"date":"2024-09-05T15:58:31","date_gmt":"2024-09-05T13:58:31","guid":{"rendered":"https:\/\/sjloyola.org\/bendicion-de-campus-arrupe-en-madrid\/"},"modified":"2024-09-09T09:50:13","modified_gmt":"2024-09-09T07:50:13","slug":"bendicion-de-campus-arrupe-en-madrid","status":"publish","type":"post","link":"https:\/\/sjloyola.org\/eu\/bendicion-de-campus-arrupe-en-madrid\/","title":{"rendered":"Bendicion de Campus Arrupe, en Madrid"},"content":{"rendered":"\n<p>El martes vivimos un momento muy especial con la bendici\u00f3n del Campus Arrupe por parte del Padre General de la Compa\u00f1\u00eda de Jes\u00fas, Arturo Sosa, SJ. Este nuevo espacio no solo simboliza la colaboraci\u00f3n y visi\u00f3n compartida entre la <a href=\"https:\/\/www.linkedin.com\/company\/deusto\/\">Universidad de Deusto<\/a> y la <a href=\"https:\/\/www.linkedin.com\/company\/ucomillas\/\">Universidad Pontificia Comillas ICAI-ICADE<\/a>, sino que tambi\u00e9n abre un nuevo cap\u00edtulo para nuestras ofertas de postgrado y formaci\u00f3n ejecutiva, junto con <a href=\"https:\/\/www.linkedin.com\/company\/advantere\/\">Advantere School of Management<\/a>, escuela de gesti\u00f3n para postgrados fundada por ambas universidades con <a href=\"https:\/\/www.linkedin.com\/company\/georgetown-university\/\">Georgetown University<\/a> como socio acad\u00e9mico estrat\u00e9gico. <br\/><br\/>Ubicado en la calle Mateo Inurria 39, en pleno coraz\u00f3n de Madrid, y con 8.000 metros cuadrados de modernas instalaciones, el Campus Arrupe ya est\u00e1 en plena actividad, coincidiendo con el inicio del curso acad\u00e9mico 2024-2025. Lleva el nombre de Pedro Arrupe, un referente inspirador, y estoy seguro de que este espacio se convertir\u00e1 en un lugar clave para la innovaci\u00f3n y la formaci\u00f3n del liderazgo del futuro. <br\/><br\/>Nos llena de orgullo que este campus albergue la nueva sede de <a href=\"https:\/\/www.linkedin.com\/company\/deusto-business-school\/\">Deusto Business School<\/a> en Madrid, donde impulsaremos a\u00fan m\u00e1s nuestra divisi\u00f3n de Executive Education.<br\/><br\/>Este es un hito que nos llena de esperanza y entusiasmo, y que refuerza nuestro compromiso con una educaci\u00f3n de excelencia, arraigada en los valores jesuitas que compartimos.<\/p>\n\n<p><strong>Juan Jos\u00e9 Etxeberria sj<\/strong><\/p>\n\n<p>Rector Univesidad de Deusto<\/p>\n\n<p><\/p>\n","protected":false},"excerpt":{"rendered":"<p>El martes vivimos un momento muy especial con la bendici\u00f3n del Campus Arrupe por parte del Padre General de la Compa\u00f1\u00eda de Jes\u00fas, Arturo Sosa, SJ. Este nuevo espacio no [&hellip;]<\/p>\n","protected":false},"author":5,"featured_media":7801,"comment_status":"closed","ping_status":"closed","sticky":false,"template":"","format":"standard","meta":{"_et_pb_use_builder":"","_et_pb_old_content":"","_et_gb_content_width":"","_price":"","_stock":"","_tribe_ticket_header":"","_tribe_default_ticket_provider":"","_ticket_start_date":"","_ticket_end_date":"","_tribe_ticket_show_description":"","_tribe_ticket_show_not_going":false,"_tribe_ticket_use_global_stock":"","_tribe_ticket_global_stock_level":"","_global_stock_mode":"","_global_stock_cap":"","_tribe_rsvp_for_event":"","_tribe_ticket_going_count":"","_tribe_ticket_not_going_count":"","_tribe_tickets_list":"[]","_tribe_ticket_has_attendee_info_fields":false,"footnotes":""},"categories":[287,288],"tags":[],"class_list":["post-7804","post","type-post","status-publish","format-standard","has-post-thumbnail","hentry","category-deusto-eu","category-hezkuntza"],"yoast_head":"<!-- This site is optimized with the Yoast SEO plugin v27.5 - https:\/\/yoast.com\/product\/yoast-seo-wordpress\/ -->\n<title>Bendicion de Campus Arrupe, en Madrid - Jesuitas Loyola<\/title>\n<meta name=\"robots\" content=\"index, follow, max-snippet:-1, max-image-preview:large, max-video-preview:-1\" \/>\n<link rel=\"canonical\" href=\"https:\/\/sjloyola.org\/eu\/bendicion-de-campus-arrupe-en-madrid\/\" \/>\n<meta property=\"og:locale\" content=\"eu_ES\" \/>\n<meta property=\"og:type\" content=\"article\" \/>\n<meta property=\"og:title\" content=\"Bendicion de Campus Arrupe, en Madrid - Jesuitas Loyola\" \/>\n<meta property=\"og:description\" content=\"El martes vivimos un momento muy especial con la bendici\u00f3n del Campus Arrupe por parte del Padre General de la Compa\u00f1\u00eda de Jes\u00fas, Arturo Sosa, SJ. Este nuevo espacio no [&hellip;]\" \/>\n<meta property=\"og:url\" content=\"https:\/\/sjloyola.org\/eu\/bendicion-de-campus-arrupe-en-madrid\/\" \/>\n<meta property=\"og:site_name\" content=\"Jesuitas Loyola\" \/>\n<meta property=\"article:published_time\" content=\"2024-09-05T13:58:31+00:00\" \/>\n<meta property=\"article:modified_time\" content=\"2024-09-09T07:50:13+00:00\" \/>\n<meta property=\"og:image\" content=\"https:\/\/sjloyola.org\/wp-content\/uploads\/2024\/09\/CampusArrupe-e1725544810355.jpeg\" \/>\n\t<meta property=\"og:image:width\" content=\"2048\" \/>\n\t<meta property=\"og:image:height\" content=\"1365\" \/>\n\t<meta property=\"og:image:type\" content=\"image\/jpeg\" \/>\n<meta name=\"author\" content=\"Vicente Marcuello\" \/>\n<meta name=\"twitter:card\" content=\"summary_large_image\" \/>\n<meta name=\"twitter:label1\" content=\"Written by\" \/>\n\t<meta name=\"twitter:data1\" content=\"Vicente Marcuello\" \/>\n\t<meta name=\"twitter:label2\" content=\"Est. reading time\" \/>\n\t<meta name=\"twitter:data2\" content=\"1 minute\" \/>\n<script type=\"application\/ld+json\" class=\"yoast-schema-graph\">{\"@context\":\"https:\\\/\\\/schema.org\",\"@graph\":[{\"@type\":\"Article\",\"@id\":\"https:\\\/\\\/sjloyola.org\\\/eu\\\/bendicion-de-campus-arrupe-en-madrid\\\/#article\",\"isPartOf\":{\"@id\":\"https:\\\/\\\/sjloyola.org\\\/eu\\\/bendicion-de-campus-arrupe-en-madrid\\\/\"},\"author\":{\"name\":\"Vicente Marcuello\",\"@id\":\"https:\\\/\\\/sjloyola.org\\\/eu\\\/#\\\/schema\\\/person\\\/91965d30e7fbf328542b4fc71e943604\"},\"headline\":\"Bendicion de Campus Arrupe, en Madrid\",\"datePublished\":\"2024-09-05T13:58:31+00:00\",\"dateModified\":\"2024-09-09T07:50:13+00:00\",\"mainEntityOfPage\":{\"@id\":\"https:\\\/\\\/sjloyola.org\\\/eu\\\/bendicion-de-campus-arrupe-en-madrid\\\/\"},\"wordCount\":238,\"image\":{\"@id\":\"https:\\\/\\\/sjloyola.org\\\/eu\\\/bendicion-de-campus-arrupe-en-madrid\\\/#primaryimage\"},\"thumbnailUrl\":\"https:\\\/\\\/sjloyola.org\\\/wp-content\\\/uploads\\\/2024\\\/09\\\/CampusArrupe-e1725544810355.jpeg\",\"articleSection\":[\"DEUSTO\",\"HEZKUNTZA\"],\"inLanguage\":\"eu-ES\"},{\"@type\":\"WebPage\",\"@id\":\"https:\\\/\\\/sjloyola.org\\\/eu\\\/bendicion-de-campus-arrupe-en-madrid\\\/\",\"url\":\"https:\\\/\\\/sjloyola.org\\\/eu\\\/bendicion-de-campus-arrupe-en-madrid\\\/\",\"name\":\"Bendicion de Campus Arrupe, en Madrid - Jesuitas Loyola\",\"isPartOf\":{\"@id\":\"https:\\\/\\\/sjloyola.org\\\/eu\\\/#website\"},\"primaryImageOfPage\":{\"@id\":\"https:\\\/\\\/sjloyola.org\\\/eu\\\/bendicion-de-campus-arrupe-en-madrid\\\/#primaryimage\"},\"image\":{\"@id\":\"https:\\\/\\\/sjloyola.org\\\/eu\\\/bendicion-de-campus-arrupe-en-madrid\\\/#primaryimage\"},\"thumbnailUrl\":\"https:\\\/\\\/sjloyola.org\\\/wp-content\\\/uploads\\\/2024\\\/09\\\/CampusArrupe-e1725544810355.jpeg\",\"datePublished\":\"2024-09-05T13:58:31+00:00\",\"dateModified\":\"2024-09-09T07:50:13+00:00\",\"author\":{\"@id\":\"https:\\\/\\\/sjloyola.org\\\/eu\\\/#\\\/schema\\\/person\\\/91965d30e7fbf328542b4fc71e943604\"},\"breadcrumb\":{\"@id\":\"https:\\\/\\\/sjloyola.org\\\/eu\\\/bendicion-de-campus-arrupe-en-madrid\\\/#breadcrumb\"},\"inLanguage\":\"eu-ES\",\"potentialAction\":[{\"@type\":\"ReadAction\",\"target\":[\"https:\\\/\\\/sjloyola.org\\\/eu\\\/bendicion-de-campus-arrupe-en-madrid\\\/\"]}]},{\"@type\":\"ImageObject\",\"inLanguage\":\"eu-ES\",\"@id\":\"https:\\\/\\\/sjloyola.org\\\/eu\\\/bendicion-de-campus-arrupe-en-madrid\\\/#primaryimage\",\"url\":\"https:\\\/\\\/sjloyola.org\\\/wp-content\\\/uploads\\\/2024\\\/09\\\/CampusArrupe-e1725544810355.jpeg\",\"contentUrl\":\"https:\\\/\\\/sjloyola.org\\\/wp-content\\\/uploads\\\/2024\\\/09\\\/CampusArrupe-e1725544810355.jpeg\",\"width\":2048,\"height\":1365},{\"@type\":\"BreadcrumbList\",\"@id\":\"https:\\\/\\\/sjloyola.org\\\/eu\\\/bendicion-de-campus-arrupe-en-madrid\\\/#breadcrumb\",\"itemListElement\":[{\"@type\":\"ListItem\",\"position\":1,\"name\":\"Portada\",\"item\":\"https:\\\/\\\/sjloyola.org\\\/eu\\\/kantabria-errioxa-euskadi-eta-nafarroako-jesuitak\\\/\"},{\"@type\":\"ListItem\",\"position\":2,\"name\":\"Bendicion de Campus Arrupe, en Madrid\"}]},{\"@type\":\"WebSite\",\"@id\":\"https:\\\/\\\/sjloyola.org\\\/eu\\\/#website\",\"url\":\"https:\\\/\\\/sjloyola.org\\\/eu\\\/\",\"name\":\"Jesuitas Loyola\",\"description\":\"Plataforma Apost\u00f3lica de los Jesuitas en Cantabria, Pa\u00eds Vasco y Navarra\",\"potentialAction\":[{\"@type\":\"SearchAction\",\"target\":{\"@type\":\"EntryPoint\",\"urlTemplate\":\"https:\\\/\\\/sjloyola.org\\\/eu\\\/?s={search_term_string}\"},\"query-input\":{\"@type\":\"PropertyValueSpecification\",\"valueRequired\":true,\"valueName\":\"search_term_string\"}}],\"inLanguage\":\"eu-ES\"},{\"@type\":\"Person\",\"@id\":\"https:\\\/\\\/sjloyola.org\\\/eu\\\/#\\\/schema\\\/person\\\/91965d30e7fbf328542b4fc71e943604\",\"name\":\"Vicente Marcuello\",\"image\":{\"@type\":\"ImageObject\",\"inLanguage\":\"eu-ES\",\"@id\":\"https:\\\/\\\/secure.gravatar.com\\\/avatar\\\/6f820696a75d9dbfe4f371018a143e0c897ac0a40f8bc362086bdbf39693184d?s=96&d=mm&r=g\",\"url\":\"https:\\\/\\\/secure.gravatar.com\\\/avatar\\\/6f820696a75d9dbfe4f371018a143e0c897ac0a40f8bc362086bdbf39693184d?s=96&d=mm&r=g\",\"contentUrl\":\"https:\\\/\\\/secure.gravatar.com\\\/avatar\\\/6f820696a75d9dbfe4f371018a143e0c897ac0a40f8bc362086bdbf39693184d?s=96&d=mm&r=g\",\"caption\":\"Vicente Marcuello\"},\"url\":\"https:\\\/\\\/sjloyola.org\\\/eu\\\/author\\\/vicente\\\/\"}]}<\/script>\n<!-- \/ Yoast SEO plugin. -->","yoast_head_json":{"title":"Bendicion de Campus Arrupe, en Madrid - Jesuitas Loyola","robots":{"index":"index","follow":"follow","max-snippet":"max-snippet:-1","max-image-preview":"max-image-preview:large","max-video-preview":"max-video-preview:-1"},"canonical":"https:\/\/sjloyola.org\/eu\/bendicion-de-campus-arrupe-en-madrid\/","og_locale":"eu_ES","og_type":"article","og_title":"Bendicion de Campus Arrupe, en Madrid - Jesuitas Loyola","og_description":"El martes vivimos un momento muy especial con la bendici\u00f3n del Campus Arrupe por parte del Padre General de la Compa\u00f1\u00eda de Jes\u00fas, Arturo Sosa, SJ. Este nuevo espacio no [&hellip;]","og_url":"https:\/\/sjloyola.org\/eu\/bendicion-de-campus-arrupe-en-madrid\/","og_site_name":"Jesuitas Loyola","article_published_time":"2024-09-05T13:58:31+00:00","article_modified_time":"2024-09-09T07:50:13+00:00","og_image":[{"width":2048,"height":1365,"url":"https:\/\/sjloyola.org\/wp-content\/uploads\/2024\/09\/CampusArrupe-e1725544810355.jpeg","type":"image\/jpeg"}],"author":"Vicente Marcuello","twitter_card":"summary_large_image","twitter_misc":{"Written by":"Vicente Marcuello","Est. reading time":"1 minute"},"schema":{"@context":"https:\/\/schema.org","@graph":[{"@type":"Article","@id":"https:\/\/sjloyola.org\/eu\/bendicion-de-campus-arrupe-en-madrid\/#article","isPartOf":{"@id":"https:\/\/sjloyola.org\/eu\/bendicion-de-campus-arrupe-en-madrid\/"},"author":{"name":"Vicente Marcuello","@id":"https:\/\/sjloyola.org\/eu\/#\/schema\/person\/91965d30e7fbf328542b4fc71e943604"},"headline":"Bendicion de Campus Arrupe, en Madrid","datePublished":"2024-09-05T13:58:31+00:00","dateModified":"2024-09-09T07:50:13+00:00","mainEntityOfPage":{"@id":"https:\/\/sjloyola.org\/eu\/bendicion-de-campus-arrupe-en-madrid\/"},"wordCount":238,"image":{"@id":"https:\/\/sjloyola.org\/eu\/bendicion-de-campus-arrupe-en-madrid\/#primaryimage"},"thumbnailUrl":"https:\/\/sjloyola.org\/wp-content\/uploads\/2024\/09\/CampusArrupe-e1725544810355.jpeg","articleSection":["DEUSTO","HEZKUNTZA"],"inLanguage":"eu-ES"},{"@type":"WebPage","@id":"https:\/\/sjloyola.org\/eu\/bendicion-de-campus-arrupe-en-madrid\/","url":"https:\/\/sjloyola.org\/eu\/bendicion-de-campus-arrupe-en-madrid\/","name":"Bendicion de Campus Arrupe, en Madrid - Jesuitas Loyola","isPartOf":{"@id":"https:\/\/sjloyola.org\/eu\/#website"},"primaryImageOfPage":{"@id":"https:\/\/sjloyola.org\/eu\/bendicion-de-campus-arrupe-en-madrid\/#primaryimage"},"image":{"@id":"https:\/\/sjloyola.org\/eu\/bendicion-de-campus-arrupe-en-madrid\/#primaryimage"},"thumbnailUrl":"https:\/\/sjloyola.org\/wp-content\/uploads\/2024\/09\/CampusArrupe-e1725544810355.jpeg","datePublished":"2024-09-05T13:58:31+00:00","dateModified":"2024-09-09T07:50:13+00:00","author":{"@id":"https:\/\/sjloyola.org\/eu\/#\/schema\/person\/91965d30e7fbf328542b4fc71e943604"},"breadcrumb":{"@id":"https:\/\/sjloyola.org\/eu\/bendicion-de-campus-arrupe-en-madrid\/#breadcrumb"},"inLanguage":"eu-ES","potentialAction":[{"@type":"ReadAction","target":["https:\/\/sjloyola.org\/eu\/bendicion-de-campus-arrupe-en-madrid\/"]}]},{"@type":"ImageObject","inLanguage":"eu-ES","@id":"https:\/\/sjloyola.org\/eu\/bendicion-de-campus-arrupe-en-madrid\/#primaryimage","url":"https:\/\/sjloyola.org\/wp-content\/uploads\/2024\/09\/CampusArrupe-e1725544810355.jpeg","contentUrl":"https:\/\/sjloyola.org\/wp-content\/uploads\/2024\/09\/CampusArrupe-e1725544810355.jpeg","width":2048,"height":1365},{"@type":"BreadcrumbList","@id":"https:\/\/sjloyola.org\/eu\/bendicion-de-campus-arrupe-en-madrid\/#breadcrumb","itemListElement":[{"@type":"ListItem","position":1,"name":"Portada","item":"https:\/\/sjloyola.org\/eu\/kantabria-errioxa-euskadi-eta-nafarroako-jesuitak\/"},{"@type":"ListItem","position":2,"name":"Bendicion de Campus Arrupe, en Madrid"}]},{"@type":"WebSite","@id":"https:\/\/sjloyola.org\/eu\/#website","url":"https:\/\/sjloyola.org\/eu\/","name":"Jesuitas Loyola","description":"Plataforma Apost\u00f3lica de los Jesuitas en Cantabria, Pa\u00eds Vasco y Navarra","potentialAction":[{"@type":"SearchAction","target":{"@type":"EntryPoint","urlTemplate":"https:\/\/sjloyola.org\/eu\/?s={search_term_string}"},"query-input":{"@type":"PropertyValueSpecification","valueRequired":true,"valueName":"search_term_string"}}],"inLanguage":"eu-ES"},{"@type":"Person","@id":"https:\/\/sjloyola.org\/eu\/#\/schema\/person\/91965d30e7fbf328542b4fc71e943604","name":"Vicente Marcuello","image":{"@type":"ImageObject","inLanguage":"eu-ES","@id":"https:\/\/secure.gravatar.com\/avatar\/6f820696a75d9dbfe4f371018a143e0c897ac0a40f8bc362086bdbf39693184d?s=96&d=mm&r=g","url":"https:\/\/secure.gravatar.com\/avatar\/6f820696a75d9dbfe4f371018a143e0c897ac0a40f8bc362086bdbf39693184d?s=96&d=mm&r=g","contentUrl":"https:\/\/secure.gravatar.com\/avatar\/6f820696a75d9dbfe4f371018a143e0c897ac0a40f8bc362086bdbf39693184d?s=96&d=mm&r=g","caption":"Vicente Marcuello"},"url":"https:\/\/sjloyola.org\/eu\/author\/vicente\/"}]}},"_links":{"self":[{"href":"https:\/\/sjloyola.org\/eu\/wp-json\/wp\/v2\/posts\/7804","targetHints":{"allow":["GET"]}}],"collection":[{"href":"https:\/\/sjloyola.org\/eu\/wp-json\/wp\/v2\/posts"}],"about":[{"href":"https:\/\/sjloyola.org\/eu\/wp-json\/wp\/v2\/types\/post"}],"author":[{"embeddable":true,"href":"https:\/\/sjloyola.org\/eu\/wp-json\/wp\/v2\/users\/5"}],"replies":[{"embeddable":true,"href":"https:\/\/sjloyola.org\/eu\/wp-json\/wp\/v2\/comments?post=7804"}],"version-history":[{"count":1,"href":"https:\/\/sjloyola.org\/eu\/wp-json\/wp\/v2\/posts\/7804\/revisions"}],"predecessor-version":[{"id":7805,"href":"https:\/\/sjloyola.org\/eu\/wp-json\/wp\/v2\/posts\/7804\/revisions\/7805"}],"wp:featuredmedia":[{"embeddable":true,"href":"https:\/\/sjloyola.org\/eu\/wp-json\/wp\/v2\/media\/7801"}],"wp:attachment":[{"href":"https:\/\/sjloyola.org\/eu\/wp-json\/wp\/v2\/media?parent=7804"}],"wp:term":[{"taxonomy":"category","embeddable":true,"href":"https:\/\/sjloyola.org\/eu\/wp-json\/wp\/v2\/categories?post=7804"},{"taxonomy":"post_tag","embeddable":true,"href":"https:\/\/sjloyola.org\/eu\/wp-json\/wp\/v2\/tags?post=7804"}],"curies":[{"name":"wp","href":"https:\/\/api.w.org\/{rel}","templated":true}]}}