{"id":10968,"date":"2026-08-31T18:07:07","date_gmt":"2026-08-31T16:07:07","guid":{"rendered":"https:\/\/sjloyola.org\/?p=10968"},"modified":"2026-08-31T18:11:31","modified_gmt":"2026-08-31T16:11:31","slug":"michael-pastor-nuevo-superior-de-la-comunidad-jesuita-de-pamplona","status":"publish","type":"post","link":"https:\/\/sjloyola.org\/eu\/michael-pastor-nuevo-superior-de-la-comunidad-jesuita-de-pamplona\/","title":{"rendered":"Michael Pastor, nuevo superior de la comunidad jesuita de Pamplona"},"content":{"rendered":"\n<p class=\"wp-block-paragraph\">La comunidad jesuita de Pamplona ha celebrado el nombramiento de <strong>Michael Pastor, SJ, como nuevo superior de la comunidad<\/strong>, en un encuentro que ha reunido a los jesuitas y al que han sido invitados tambi\u00e9n los directores de las obras de la Compa\u00f1\u00eda de Jes\u00fas en Pamplona.<\/p>\n\n\n\n<p class=\"wp-block-paragraph\">La jornada ha comenzado con una <strong>Eucarist\u00eda en la iglesia del Colegio San Ignacio<\/strong>, presidida por el delegado de la Plataforma Apost\u00f3lica Loyola y concelebrada por los miembros de la comunidad. Michael Pastor, nuevo superior, ha pronunciado la homil\u00eda.<\/p>\n\n\n\n<p class=\"wp-block-paragraph\">Posteriormente, ya en el comedor de la comunidad y antes de compartir la comida, <strong>Jes\u00fas Mun\u00e1rriz, SJ, ha le\u00eddo la patente de nombramiento<\/strong>, haciendo oficial ante la comunidad el inicio de esta nueva responsabilidad.<\/p>\n\n\n\n<p class=\"wp-block-paragraph\">Este relevo se sit\u00faa en el marco de la misi\u00f3n compartida de la Compa\u00f1\u00eda de Jes\u00fas en Pamplona y del trabajo conjunto entre la comunidad jesuita y las distintas obras apost\u00f3licas de la ciudad.<\/p>\n\n\n\n<figure class=\"wp-block-image size-large\"><img loading=\"lazy\" decoding=\"async\" width=\"1024\" height=\"576\" src=\"https:\/\/sjloyola.org\/wp-content\/uploads\/2026\/08\/MPastor-Superior-1-1024x576.avif\" alt=\"\" class=\"wp-image-10972\" srcset=\"https:\/\/sjloyola.org\/wp-content\/uploads\/2026\/08\/MPastor-Superior-1-1024x576.avif 1024w, https:\/\/sjloyola.org\/wp-content\/uploads\/2026\/08\/MPastor-Superior-1-300x169.avif 300w, https:\/\/sjloyola.org\/wp-content\/uploads\/2026\/08\/MPastor-Superior-1-766x431.avif 766w, https:\/\/sjloyola.org\/wp-content\/uploads\/2026\/08\/MPastor-Superior-1-1536x864.avif 1536w, https:\/\/sjloyola.org\/wp-content\/uploads\/2026\/08\/MPastor-Superior-1-1080x607.avif 1080w, https:\/\/sjloyola.org\/wp-content\/uploads\/2026\/08\/MPastor-Superior-1-1280x720.avif 1280w, https:\/\/sjloyola.org\/wp-content\/uploads\/2026\/08\/MPastor-Superior-1-980x551.avif 980w, https:\/\/sjloyola.org\/wp-content\/uploads\/2026\/08\/MPastor-Superior-1-480x270.avif 480w, https:\/\/sjloyola.org\/wp-content\/uploads\/2026\/08\/MPastor-Superior-1.avif 1682w\" sizes=\"(max-width: 1024px) 100vw, 1024px\" \/><\/figure>\n\n\n\n<figure class=\"wp-block-image size-large\"><img loading=\"lazy\" decoding=\"async\" width=\"1024\" height=\"473\" src=\"https:\/\/sjloyola.org\/wp-content\/uploads\/2026\/08\/20260831_135739-1024x473.avif\" alt=\"\" class=\"wp-image-10977\" srcset=\"https:\/\/sjloyola.org\/wp-content\/uploads\/2026\/08\/20260831_135739-1024x473.avif 1024w, https:\/\/sjloyola.org\/wp-content\/uploads\/2026\/08\/20260831_135739-300x139.avif 300w, https:\/\/sjloyola.org\/wp-content\/uploads\/2026\/08\/20260831_135739-766x354.avif 766w, https:\/\/sjloyola.org\/wp-content\/uploads\/2026\/08\/20260831_135739-1536x710.avif 1536w, https:\/\/sjloyola.org\/wp-content\/uploads\/2026\/08\/20260831_135739-2048x946.avif 2048w, https:\/\/sjloyola.org\/wp-content\/uploads\/2026\/08\/20260831_135739-1080x499.avif 1080w\" sizes=\"(max-width: 1024px) 100vw, 1024px\" \/><\/figure>\n","protected":false},"excerpt":{"rendered":"<p>La comunidad jesuita de Pamplona ha celebrado el nombramiento de Michael Pastor, SJ, como nuevo superior de la comunidad, en un encuentro que ha reunido a los jesuitas y al [&hellip;]<\/p>\n","protected":false},"author":5,"featured_media":10969,"comment_status":"closed","ping_status":"closed","sticky":false,"template":"","format":"standard","meta":{"_et_pb_use_builder":"","_et_pb_old_content":"","_et_gb_content_width":"","_price":"","_stock":"","_tribe_ticket_header":"","_tribe_default_ticket_provider":"","_ticket_start_date":"","_ticket_end_date":"","_tribe_ticket_show_description":"","_tribe_ticket_show_not_going":false,"_tribe_ticket_use_global_stock":"","_tribe_ticket_global_stock_level":"","_global_stock_mode":"","_global_stock_cap":"","_tribe_rsvp_for_event":"","_tribe_ticket_going_count":"","_tribe_ticket_not_going_count":"","_tribe_tickets_list":"[]","_tribe_ticket_has_attendee_info_fields":false,"footnotes":""},"categories":[133,272],"tags":[270],"class_list":["post-10968","post","type-post","status-publish","format-standard","has-post-thumbnail","hentry","category-comunidades-sj","category-pamplona","tag-pamplona"],"yoast_head":"<!-- This site is optimized with the Yoast SEO plugin v28.3 - https:\/\/yoast.com\/product\/yoast-seo-wordpress\/ -->\n<title>Michael Pastor, nuevo superior de la comunidad jesuita de Pamplona - Jesuitas Loyola<\/title>\n<meta name=\"robots\" content=\"index, follow, max-snippet:-1, max-image-preview:large, max-video-preview:-1\" \/>\n<link rel=\"canonical\" href=\"https:\/\/sjloyola.org\/eu\/michael-pastor-nuevo-superior-de-la-comunidad-jesuita-de-pamplona\/\" \/>\n<meta property=\"og:locale\" content=\"eu_ES\" \/>\n<meta property=\"og:type\" content=\"article\" \/>\n<meta property=\"og:title\" content=\"Michael Pastor, nuevo superior de la comunidad jesuita de Pamplona - Jesuitas Loyola\" \/>\n<meta property=\"og:description\" content=\"La comunidad jesuita de Pamplona ha celebrado el nombramiento de Michael Pastor, SJ, como nuevo superior de la comunidad, en un encuentro que ha reunido a los jesuitas y al [&hellip;]\" \/>\n<meta property=\"og:url\" content=\"https:\/\/sjloyola.org\/eu\/michael-pastor-nuevo-superior-de-la-comunidad-jesuita-de-pamplona\/\" \/>\n<meta property=\"og:site_name\" content=\"Jesuitas Loyola\" \/>\n<meta property=\"article:published_time\" content=\"2026-08-31T16:07:07+00:00\" \/>\n<meta property=\"article:modified_time\" content=\"2026-08-31T16:11:31+00:00\" \/>\n<meta property=\"og:image\" content=\"https:\/\/sjloyola.org\/wp-content\/uploads\/2026\/08\/MPastor-Superior.avif\" \/>\n\t<meta property=\"og:image:width\" content=\"1682\" \/>\n\t<meta property=\"og:image:height\" content=\"946\" \/>\n\t<meta property=\"og:image:type\" content=\"image\/jpeg\" \/>\n<meta name=\"author\" content=\"Vicente Marcuello\" \/>\n<meta name=\"twitter:card\" content=\"summary_large_image\" \/>\n<meta name=\"twitter:label1\" content=\"Written by\" \/>\n\t<meta name=\"twitter:data1\" content=\"Vicente Marcuello\" \/>\n\t<meta name=\"twitter:label2\" content=\"Est. reading time\" \/>\n\t<meta name=\"twitter:data2\" content=\"1 minute\" \/>\n<script type=\"application\/ld+json\" class=\"yoast-schema-graph\">{\"@context\":\"https:\\\/\\\/schema.org\",\"@graph\":[{\"@type\":\"Article\",\"@id\":\"https:\\\/\\\/sjloyola.org\\\/eu\\\/michael-pastor-nuevo-superior-de-la-comunidad-jesuita-de-pamplona\\\/#article\",\"isPartOf\":{\"@id\":\"https:\\\/\\\/sjloyola.org\\\/eu\\\/michael-pastor-nuevo-superior-de-la-comunidad-jesuita-de-pamplona\\\/\"},\"author\":{\"name\":\"Vicente Marcuello\",\"@id\":\"https:\\\/\\\/sjloyola.org\\\/eu\\\/#\\\/schema\\\/person\\\/91965d30e7fbf328542b4fc71e943604\"},\"headline\":\"Michael Pastor, nuevo superior de la comunidad jesuita de Pamplona\",\"datePublished\":\"2026-08-31T16:07:07+00:00\",\"dateModified\":\"2026-08-31T16:11:31+00:00\",\"mainEntityOfPage\":{\"@id\":\"https:\\\/\\\/sjloyola.org\\\/eu\\\/michael-pastor-nuevo-superior-de-la-comunidad-jesuita-de-pamplona\\\/\"},\"wordCount\":178,\"image\":{\"@id\":\"https:\\\/\\\/sjloyola.org\\\/eu\\\/michael-pastor-nuevo-superior-de-la-comunidad-jesuita-de-pamplona\\\/#primaryimage\"},\"thumbnailUrl\":\"https:\\\/\\\/sjloyola.org\\\/wp-content\\\/uploads\\\/2026\\\/08\\\/MPastor-Superior.avif\",\"keywords\":[\"Pamplona\"],\"articleSection\":[\"Comunidades SJ\",\"Pamplona\"],\"inLanguage\":\"eu-ES\"},{\"@type\":\"WebPage\",\"@id\":\"https:\\\/\\\/sjloyola.org\\\/eu\\\/michael-pastor-nuevo-superior-de-la-comunidad-jesuita-de-pamplona\\\/\",\"url\":\"https:\\\/\\\/sjloyola.org\\\/eu\\\/michael-pastor-nuevo-superior-de-la-comunidad-jesuita-de-pamplona\\\/\",\"name\":\"Michael Pastor, nuevo superior de la comunidad jesuita de Pamplona - Jesuitas Loyola\",\"isPartOf\":{\"@id\":\"https:\\\/\\\/sjloyola.org\\\/eu\\\/#website\"},\"primaryImageOfPage\":{\"@id\":\"https:\\\/\\\/sjloyola.org\\\/eu\\\/michael-pastor-nuevo-superior-de-la-comunidad-jesuita-de-pamplona\\\/#primaryimage\"},\"image\":{\"@id\":\"https:\\\/\\\/sjloyola.org\\\/eu\\\/michael-pastor-nuevo-superior-de-la-comunidad-jesuita-de-pamplona\\\/#primaryimage\"},\"thumbnailUrl\":\"https:\\\/\\\/sjloyola.org\\\/wp-content\\\/uploads\\\/2026\\\/08\\\/MPastor-Superior.avif\",\"datePublished\":\"2026-08-31T16:07:07+00:00\",\"dateModified\":\"2026-08-31T16:11:31+00:00\",\"author\":{\"@id\":\"https:\\\/\\\/sjloyola.org\\\/eu\\\/#\\\/schema\\\/person\\\/91965d30e7fbf328542b4fc71e943604\"},\"breadcrumb\":{\"@id\":\"https:\\\/\\\/sjloyola.org\\\/eu\\\/michael-pastor-nuevo-superior-de-la-comunidad-jesuita-de-pamplona\\\/#breadcrumb\"},\"inLanguage\":\"eu-ES\",\"potentialAction\":[{\"@type\":\"ReadAction\",\"target\":[\"https:\\\/\\\/sjloyola.org\\\/eu\\\/michael-pastor-nuevo-superior-de-la-comunidad-jesuita-de-pamplona\\\/\"]}]},{\"@type\":\"ImageObject\",\"inLanguage\":\"eu-ES\",\"@id\":\"https:\\\/\\\/sjloyola.org\\\/eu\\\/michael-pastor-nuevo-superior-de-la-comunidad-jesuita-de-pamplona\\\/#primaryimage\",\"url\":\"https:\\\/\\\/sjloyola.org\\\/wp-content\\\/uploads\\\/2026\\\/08\\\/MPastor-Superior.avif\",\"contentUrl\":\"https:\\\/\\\/sjloyola.org\\\/wp-content\\\/uploads\\\/2026\\\/08\\\/MPastor-Superior.avif\",\"width\":1682,\"height\":946},{\"@type\":\"BreadcrumbList\",\"@id\":\"https:\\\/\\\/sjloyola.org\\\/eu\\\/michael-pastor-nuevo-superior-de-la-comunidad-jesuita-de-pamplona\\\/#breadcrumb\",\"itemListElement\":[{\"@type\":\"ListItem\",\"position\":1,\"name\":\"Portada\",\"item\":\"https:\\\/\\\/sjloyola.org\\\/eu\\\/kantabria-errioxa-euskadi-eta-nafarroako-jesuitak\\\/\"},{\"@type\":\"ListItem\",\"position\":2,\"name\":\"Michael Pastor, nuevo superior de la comunidad jesuita de Pamplona\"}]},{\"@type\":\"WebSite\",\"@id\":\"https:\\\/\\\/sjloyola.org\\\/eu\\\/#website\",\"url\":\"https:\\\/\\\/sjloyola.org\\\/eu\\\/\",\"name\":\"Jesuitas Loyola\",\"description\":\"Plataforma Apost\u00f3lica de los Jesuitas en Cantabria, Pa\u00eds Vasco y Navarra\",\"potentialAction\":[{\"@type\":\"SearchAction\",\"target\":{\"@type\":\"EntryPoint\",\"urlTemplate\":\"https:\\\/\\\/sjloyola.org\\\/eu\\\/?s={search_term_string}\"},\"query-input\":{\"@type\":\"PropertyValueSpecification\",\"valueRequired\":true,\"valueName\":\"search_term_string\"}}],\"inLanguage\":\"eu-ES\"},{\"@type\":\"Person\",\"@id\":\"https:\\\/\\\/sjloyola.org\\\/eu\\\/#\\\/schema\\\/person\\\/91965d30e7fbf328542b4fc71e943604\",\"name\":\"Vicente Marcuello\",\"image\":{\"@type\":\"ImageObject\",\"inLanguage\":\"eu-ES\",\"@id\":\"https:\\\/\\\/secure.gravatar.com\\\/avatar\\\/6f820696a75d9dbfe4f371018a143e0c897ac0a40f8bc362086bdbf39693184d?s=96&d=mm&r=g\",\"url\":\"https:\\\/\\\/secure.gravatar.com\\\/avatar\\\/6f820696a75d9dbfe4f371018a143e0c897ac0a40f8bc362086bdbf39693184d?s=96&d=mm&r=g\",\"contentUrl\":\"https:\\\/\\\/secure.gravatar.com\\\/avatar\\\/6f820696a75d9dbfe4f371018a143e0c897ac0a40f8bc362086bdbf39693184d?s=96&d=mm&r=g\",\"caption\":\"Vicente Marcuello\"},\"url\":\"https:\\\/\\\/sjloyola.org\\\/eu\\\/author\\\/vicente\\\/\"}]}<\/script>\n<!-- \/ Yoast SEO plugin. -->","yoast_head_json":{"title":"Michael Pastor, nuevo superior de la comunidad jesuita de Pamplona - Jesuitas Loyola","robots":{"index":"index","follow":"follow","max-snippet":"max-snippet:-1","max-image-preview":"max-image-preview:large","max-video-preview":"max-video-preview:-1"},"canonical":"https:\/\/sjloyola.org\/eu\/michael-pastor-nuevo-superior-de-la-comunidad-jesuita-de-pamplona\/","og_locale":"eu_ES","og_type":"article","og_title":"Michael Pastor, nuevo superior de la comunidad jesuita de Pamplona - Jesuitas Loyola","og_description":"La comunidad jesuita de Pamplona ha celebrado el nombramiento de Michael Pastor, SJ, como nuevo superior de la comunidad, en un encuentro que ha reunido a los jesuitas y al [&hellip;]","og_url":"https:\/\/sjloyola.org\/eu\/michael-pastor-nuevo-superior-de-la-comunidad-jesuita-de-pamplona\/","og_site_name":"Jesuitas Loyola","article_published_time":"2026-08-31T16:07:07+00:00","article_modified_time":"2026-08-31T16:11:31+00:00","og_image":[{"width":1682,"height":946,"url":"https:\/\/sjloyola.org\/wp-content\/uploads\/2026\/08\/MPastor-Superior.avif","type":"image\/jpeg"}],"author":"Vicente Marcuello","twitter_card":"summary_large_image","twitter_misc":{"Written by":"Vicente Marcuello","Est. reading time":"1 minute"},"schema":{"@context":"https:\/\/schema.org","@graph":[{"@type":"Article","@id":"https:\/\/sjloyola.org\/eu\/michael-pastor-nuevo-superior-de-la-comunidad-jesuita-de-pamplona\/#article","isPartOf":{"@id":"https:\/\/sjloyola.org\/eu\/michael-pastor-nuevo-superior-de-la-comunidad-jesuita-de-pamplona\/"},"author":{"name":"Vicente Marcuello","@id":"https:\/\/sjloyola.org\/eu\/#\/schema\/person\/91965d30e7fbf328542b4fc71e943604"},"headline":"Michael Pastor, nuevo superior de la comunidad jesuita de Pamplona","datePublished":"2026-08-31T16:07:07+00:00","dateModified":"2026-08-31T16:11:31+00:00","mainEntityOfPage":{"@id":"https:\/\/sjloyola.org\/eu\/michael-pastor-nuevo-superior-de-la-comunidad-jesuita-de-pamplona\/"},"wordCount":178,"image":{"@id":"https:\/\/sjloyola.org\/eu\/michael-pastor-nuevo-superior-de-la-comunidad-jesuita-de-pamplona\/#primaryimage"},"thumbnailUrl":"https:\/\/sjloyola.org\/wp-content\/uploads\/2026\/08\/MPastor-Superior.avif","keywords":["Pamplona"],"articleSection":["Comunidades SJ","Pamplona"],"inLanguage":"eu-ES"},{"@type":"WebPage","@id":"https:\/\/sjloyola.org\/eu\/michael-pastor-nuevo-superior-de-la-comunidad-jesuita-de-pamplona\/","url":"https:\/\/sjloyola.org\/eu\/michael-pastor-nuevo-superior-de-la-comunidad-jesuita-de-pamplona\/","name":"Michael Pastor, nuevo superior de la comunidad jesuita de Pamplona - Jesuitas Loyola","isPartOf":{"@id":"https:\/\/sjloyola.org\/eu\/#website"},"primaryImageOfPage":{"@id":"https:\/\/sjloyola.org\/eu\/michael-pastor-nuevo-superior-de-la-comunidad-jesuita-de-pamplona\/#primaryimage"},"image":{"@id":"https:\/\/sjloyola.org\/eu\/michael-pastor-nuevo-superior-de-la-comunidad-jesuita-de-pamplona\/#primaryimage"},"thumbnailUrl":"https:\/\/sjloyola.org\/wp-content\/uploads\/2026\/08\/MPastor-Superior.avif","datePublished":"2026-08-31T16:07:07+00:00","dateModified":"2026-08-31T16:11:31+00:00","author":{"@id":"https:\/\/sjloyola.org\/eu\/#\/schema\/person\/91965d30e7fbf328542b4fc71e943604"},"breadcrumb":{"@id":"https:\/\/sjloyola.org\/eu\/michael-pastor-nuevo-superior-de-la-comunidad-jesuita-de-pamplona\/#breadcrumb"},"inLanguage":"eu-ES","potentialAction":[{"@type":"ReadAction","target":["https:\/\/sjloyola.org\/eu\/michael-pastor-nuevo-superior-de-la-comunidad-jesuita-de-pamplona\/"]}]},{"@type":"ImageObject","inLanguage":"eu-ES","@id":"https:\/\/sjloyola.org\/eu\/michael-pastor-nuevo-superior-de-la-comunidad-jesuita-de-pamplona\/#primaryimage","url":"https:\/\/sjloyola.org\/wp-content\/uploads\/2026\/08\/MPastor-Superior.avif","contentUrl":"https:\/\/sjloyola.org\/wp-content\/uploads\/2026\/08\/MPastor-Superior.avif","width":1682,"height":946},{"@type":"BreadcrumbList","@id":"https:\/\/sjloyola.org\/eu\/michael-pastor-nuevo-superior-de-la-comunidad-jesuita-de-pamplona\/#breadcrumb","itemListElement":[{"@type":"ListItem","position":1,"name":"Portada","item":"https:\/\/sjloyola.org\/eu\/kantabria-errioxa-euskadi-eta-nafarroako-jesuitak\/"},{"@type":"ListItem","position":2,"name":"Michael Pastor, nuevo superior de la comunidad jesuita de Pamplona"}]},{"@type":"WebSite","@id":"https:\/\/sjloyola.org\/eu\/#website","url":"https:\/\/sjloyola.org\/eu\/","name":"Jesuitas Loyola","description":"Plataforma Apost\u00f3lica de los Jesuitas en Cantabria, Pa\u00eds Vasco y Navarra","potentialAction":[{"@type":"SearchAction","target":{"@type":"EntryPoint","urlTemplate":"https:\/\/sjloyola.org\/eu\/?s={search_term_string}"},"query-input":{"@type":"PropertyValueSpecification","valueRequired":true,"valueName":"search_term_string"}}],"inLanguage":"eu-ES"},{"@type":"Person","@id":"https:\/\/sjloyola.org\/eu\/#\/schema\/person\/91965d30e7fbf328542b4fc71e943604","name":"Vicente Marcuello","image":{"@type":"ImageObject","inLanguage":"eu-ES","@id":"https:\/\/secure.gravatar.com\/avatar\/6f820696a75d9dbfe4f371018a143e0c897ac0a40f8bc362086bdbf39693184d?s=96&d=mm&r=g","url":"https:\/\/secure.gravatar.com\/avatar\/6f820696a75d9dbfe4f371018a143e0c897ac0a40f8bc362086bdbf39693184d?s=96&d=mm&r=g","contentUrl":"https:\/\/secure.gravatar.com\/avatar\/6f820696a75d9dbfe4f371018a143e0c897ac0a40f8bc362086bdbf39693184d?s=96&d=mm&r=g","caption":"Vicente Marcuello"},"url":"https:\/\/sjloyola.org\/eu\/author\/vicente\/"}]}},"_links":{"self":[{"href":"https:\/\/sjloyola.org\/eu\/wp-json\/wp\/v2\/posts\/10968","targetHints":{"allow":["GET"]}}],"collection":[{"href":"https:\/\/sjloyola.org\/eu\/wp-json\/wp\/v2\/posts"}],"about":[{"href":"https:\/\/sjloyola.org\/eu\/wp-json\/wp\/v2\/types\/post"}],"author":[{"embeddable":true,"href":"https:\/\/sjloyola.org\/eu\/wp-json\/wp\/v2\/users\/5"}],"replies":[{"embeddable":true,"href":"https:\/\/sjloyola.org\/eu\/wp-json\/wp\/v2\/comments?post=10968"}],"version-history":[{"count":2,"href":"https:\/\/sjloyola.org\/eu\/wp-json\/wp\/v2\/posts\/10968\/revisions"}],"predecessor-version":[{"id":10979,"href":"https:\/\/sjloyola.org\/eu\/wp-json\/wp\/v2\/posts\/10968\/revisions\/10979"}],"wp:featuredmedia":[{"embeddable":true,"href":"https:\/\/sjloyola.org\/eu\/wp-json\/wp\/v2\/media\/10969"}],"wp:attachment":[{"href":"https:\/\/sjloyola.org\/eu\/wp-json\/wp\/v2\/media?parent=10968"}],"wp:term":[{"taxonomy":"category","embeddable":true,"href":"https:\/\/sjloyola.org\/eu\/wp-json\/wp\/v2\/categories?post=10968"},{"taxonomy":"post_tag","embeddable":true,"href":"https:\/\/sjloyola.org\/eu\/wp-json\/wp\/v2\/tags?post=10968"}],"curies":[{"name":"wp","href":"https:\/\/api.w.org\/{rel}","templated":true}]}}