{"id":10646,"date":"2026-04-26T21:35:27","date_gmt":"2026-04-26T19:35:27","guid":{"rendered":"https:\/\/sjloyola.org\/jose-maria-guibert-ucin-sjren-heriotza\/"},"modified":"2026-04-26T21:57:51","modified_gmt":"2026-04-26T19:57:51","slug":"jose-maria-guibert-ucin-sjren-heriotza","status":"publish","type":"post","link":"https:\/\/sjloyola.org\/eu\/jose-maria-guibert-ucin-sjren-heriotza\/","title":{"rendered":"Jos\u00e9 Mar\u00eda Guibert Uc\u00edn, SJren heriotza"},"content":{"rendered":"\n<p>Deustuko Unibertsitateko errektoreak, Juan Jos\u00e9 Etxeberria SJk, gaur iragarri du bere heriotza.<\/p>\n\n<figure class=\"wp-block-image size-full\"><img loading=\"lazy\" decoding=\"async\" width=\"818\" height=\"555\" src=\"https:\/\/sjloyola.org\/wp-content\/uploads\/2026\/04\/image-1.avif\" alt=\"\" class=\"wp-image-10640\" srcset=\"https:\/\/sjloyola.org\/wp-content\/uploads\/2026\/04\/image-1.avif 818w, https:\/\/sjloyola.org\/wp-content\/uploads\/2026\/04\/image-1-300x204.avif 300w, https:\/\/sjloyola.org\/wp-content\/uploads\/2026\/04\/image-1-768x521.avif 768w, https:\/\/sjloyola.org\/wp-content\/uploads\/2026\/04\/image-1-480x326.avif 480w\" sizes=\"(max-width: 818px) 100vw, 818px\" \/><\/figure>\n\n<p>Jos\u00e9 Mar\u00eda Guibert, SJ<\/p>\n\n<p>Deustuko Unibertsitateko errektoreak, Juan Jos\u00e9 Etxeberria SJ-k, gaur, apirilaren 26an, Jos\u00e9 Mar\u00eda Guibert SJ-ren heriotza iragarri du. Valladoliden sartu zen Jesusen Lagundian (1982) eta Loiolan apaiz ordenatu zuten (1993). Ingeniaritza Fakultateko irakaslea, Deustuko Unibertsitateko errektorea izan zen 2013tik 2023ra.  <\/p>\n\n<p>Gainera, Deustuko Unibertsitatean, aldez aurretik, kargu hauek izan zituen: Donostiako campuseko errektoreordea (2003-2008); Errektorearen delegatua Misioaren Garapenerako (2003-2007), Deusto Fundazioko Patronatuko kidea (2004-2008), Gizarte eta Giza Zientzien Fakultateko Etika Aplikatuko Zentroko zuzendaria (2010-2013), eta Ingeniaritza Fakultateko Industria Teknologien Saileko zuzendaria (2010-2013).<\/p>\n\n<p>2023an, Deustuko Unibertsitateko ardura utzi ondoren, Boston College-ko \u201cGasson Chair\u201d kargua bete zuen 2023-2024 ikasturtean. 2024-2025 ikasturtetik aurrera Universidad Pontificia Comillas-en aritu izan da etika irakasle gisa, eta 2025eko abuztuan Fundaci\u00f3n Loyola Andaluc\u00eda patronatuko presidente izendatu zuten. <\/p>\n\n<p>2025eko abenduaren hasieran, Jos\u00e9 Mar\u00edak osasun-arazo larria izan zuen. Hasiera batean La Paz ospitalean ingresatu zuten, eta bertan eman zituen hainbat aste. Ondoren, Jesusen Lagundiak Alcal\u00e1 de Henaresen duen erizaindegira eraman zuten. 2026ko martxoaren hasieran Loiolako erizaindegira lekualdatu zuten, eta bertan igaro ditu bere azken egunak. <\/p>\n\n<p><strong>Bizitza bat Deustori eskainia<\/strong><\/p>\n\n<p>Jos\u00e9 Mar\u00edak, jesulagun nortasun sakon eta konprometituan errotuta, Deustuko Unibertsitateari eskaini zion bere bizitza, begirada argi zein prospektiboarekin, emari nekaezinarekin eta entzuteko gaitasun handiarekin. Erakundea etengabe hobetzeko zuen gogoak zintzotasunez eraman zuen bai Unibertsitatearentzat bai eta akademia-komunitate osoarentzat ere onuragarritzat jotzen zituen ekimenak sendo eta diszernimentuz bultzatzera. Lanerako zuen gaitasun apartari esker, emaitza intelektual oparoa ere utzi digu. Horren erakusgarri dira lidergo ignaziarrari buruz egindako ekarpenak, San Frantzisko Xabierkoaren figuran sakontzea eta bere aitaren bahiketaren inguruko gogoeta narratiboa.  <\/p>\n\n<p>Juan Jos\u00e9 Etxebarria errektoreak eskerrak eman nahi dizkio bere lankide eta lagun Josemariri. Bere leialtasun irmoa, etorkizunari begirako ikuspegi itxaropentsua eta etengabeko hobekuntzarako duen konpromiso irmoa etengabeko bultzada iturri dira gure misioa garatzeko, zeina zorrotza eta inspiratzailea den\u201d, adierazi zuen.<\/p>\n\n<p>Bere betiko atsedenerako agurra bihar, astelehenean, apirilak 27an, izango da, 19:00etan, Loiolako Santutegian. Era berean, Deustuko Unibertsitateko Bilboko zein Donostiako campusetan agur-ekitaldi liturgikoak egingo dira. Horien data eta ordua une egokian jakinaraziko dira. <\/p>\n\n<p>Bilbo, 2026ko apirilaren 26a.<\/p>\n","protected":false},"excerpt":{"rendered":"<p>Deustuko Unibertsitateko errektoreak, Juan Jos\u00e9 Etxeberria SJk, gaur iragarri du bere heriotza. Jos\u00e9 Mar\u00eda Guibert, SJ Deustuko Unibertsitateko errektoreak, Juan Jos\u00e9 Etxeberria SJ-k, gaur, apirilaren 26an, Jos\u00e9 Mar\u00eda Guibert SJ-ren [&hellip;]<\/p>\n","protected":false},"author":5,"featured_media":10643,"comment_status":"closed","ping_status":"closed","sticky":false,"template":"","format":"standard","meta":{"_et_pb_use_builder":"","_et_pb_old_content":"","_et_gb_content_width":"","_price":"","_stock":"","_tribe_ticket_header":"","_tribe_default_ticket_provider":"","_ticket_start_date":"","_ticket_end_date":"","_tribe_ticket_show_description":"","_tribe_ticket_show_not_going":false,"_tribe_ticket_use_global_stock":"","_tribe_ticket_global_stock_level":"","_global_stock_mode":"","_global_stock_cap":"","_tribe_rsvp_for_event":"","_tribe_ticket_going_count":"","_tribe_ticket_not_going_count":"","_tribe_tickets_list":"[]","_tribe_ticket_has_attendee_info_fields":false,"footnotes":""},"categories":[287],"tags":[375],"class_list":["post-10646","post","type-post","status-publish","format-standard","has-post-thumbnail","hentry","category-deusto-eu","tag-deustuko-unibertsitatea"],"yoast_head":"<!-- This site is optimized with the Yoast SEO plugin v27.4 - https:\/\/yoast.com\/product\/yoast-seo-wordpress\/ -->\n<title>Jos\u00e9 Mar\u00eda Guibert Uc\u00edn, SJren heriotza - Jesuitas Loyola<\/title>\n<meta name=\"robots\" content=\"index, follow, max-snippet:-1, max-image-preview:large, max-video-preview:-1\" \/>\n<link rel=\"canonical\" href=\"https:\/\/sjloyola.org\/eu\/jose-maria-guibert-ucin-sjren-heriotza\/\" \/>\n<meta property=\"og:locale\" content=\"eu_ES\" \/>\n<meta property=\"og:type\" content=\"article\" \/>\n<meta property=\"og:title\" content=\"Jos\u00e9 Mar\u00eda Guibert Uc\u00edn, SJren heriotza - Jesuitas Loyola\" \/>\n<meta property=\"og:description\" content=\"Deustuko Unibertsitateko errektoreak, Juan Jos\u00e9 Etxeberria SJk, gaur iragarri du bere heriotza. Jos\u00e9 Mar\u00eda Guibert, SJ Deustuko Unibertsitateko errektoreak, Juan Jos\u00e9 Etxeberria SJ-k, gaur, apirilaren 26an, Jos\u00e9 Mar\u00eda Guibert SJ-ren [&hellip;]\" \/>\n<meta property=\"og:url\" content=\"https:\/\/sjloyola.org\/eu\/jose-maria-guibert-ucin-sjren-heriotza\/\" \/>\n<meta property=\"og:site_name\" content=\"Jesuitas Loyola\" \/>\n<meta property=\"article:published_time\" content=\"2026-04-26T19:35:27+00:00\" \/>\n<meta property=\"article:modified_time\" content=\"2026-04-26T19:57:51+00:00\" \/>\n<meta property=\"og:image\" content=\"https:\/\/sjloyola.org\/wp-content\/uploads\/2026\/04\/Guibert.avif\" \/>\n\t<meta property=\"og:image:width\" content=\"868\" \/>\n\t<meta property=\"og:image:height\" content=\"488\" \/>\n\t<meta property=\"og:image:type\" content=\"image\/jpeg\" \/>\n<meta name=\"author\" content=\"Vicente Marcuello\" \/>\n<meta name=\"twitter:card\" content=\"summary_large_image\" \/>\n<meta name=\"twitter:label1\" content=\"Written by\" \/>\n\t<meta name=\"twitter:data1\" content=\"Vicente Marcuello\" \/>\n\t<meta name=\"twitter:label2\" content=\"Est. reading time\" \/>\n\t<meta name=\"twitter:data2\" content=\"2 minutes\" \/>\n<script type=\"application\/ld+json\" class=\"yoast-schema-graph\">{\"@context\":\"https:\\\/\\\/schema.org\",\"@graph\":[{\"@type\":\"Article\",\"@id\":\"https:\\\/\\\/sjloyola.org\\\/eu\\\/jose-maria-guibert-ucin-sjren-heriotza\\\/#article\",\"isPartOf\":{\"@id\":\"https:\\\/\\\/sjloyola.org\\\/eu\\\/jose-maria-guibert-ucin-sjren-heriotza\\\/\"},\"author\":{\"name\":\"Vicente Marcuello\",\"@id\":\"https:\\\/\\\/sjloyola.org\\\/eu\\\/#\\\/schema\\\/person\\\/91965d30e7fbf328542b4fc71e943604\"},\"headline\":\"Jos\u00e9 Mar\u00eda Guibert Uc\u00edn, SJren heriotza\",\"datePublished\":\"2026-04-26T19:35:27+00:00\",\"dateModified\":\"2026-04-26T19:57:51+00:00\",\"mainEntityOfPage\":{\"@id\":\"https:\\\/\\\/sjloyola.org\\\/eu\\\/jose-maria-guibert-ucin-sjren-heriotza\\\/\"},\"wordCount\":350,\"image\":{\"@id\":\"https:\\\/\\\/sjloyola.org\\\/eu\\\/jose-maria-guibert-ucin-sjren-heriotza\\\/#primaryimage\"},\"thumbnailUrl\":\"https:\\\/\\\/sjloyola.org\\\/wp-content\\\/uploads\\\/2026\\\/04\\\/Guibert.avif\",\"keywords\":[\"Deustuko unibertsitatea\"],\"articleSection\":[\"DEUSTO\"],\"inLanguage\":\"eu-ES\"},{\"@type\":\"WebPage\",\"@id\":\"https:\\\/\\\/sjloyola.org\\\/eu\\\/jose-maria-guibert-ucin-sjren-heriotza\\\/\",\"url\":\"https:\\\/\\\/sjloyola.org\\\/eu\\\/jose-maria-guibert-ucin-sjren-heriotza\\\/\",\"name\":\"Jos\u00e9 Mar\u00eda Guibert Uc\u00edn, SJren heriotza - Jesuitas Loyola\",\"isPartOf\":{\"@id\":\"https:\\\/\\\/sjloyola.org\\\/eu\\\/#website\"},\"primaryImageOfPage\":{\"@id\":\"https:\\\/\\\/sjloyola.org\\\/eu\\\/jose-maria-guibert-ucin-sjren-heriotza\\\/#primaryimage\"},\"image\":{\"@id\":\"https:\\\/\\\/sjloyola.org\\\/eu\\\/jose-maria-guibert-ucin-sjren-heriotza\\\/#primaryimage\"},\"thumbnailUrl\":\"https:\\\/\\\/sjloyola.org\\\/wp-content\\\/uploads\\\/2026\\\/04\\\/Guibert.avif\",\"datePublished\":\"2026-04-26T19:35:27+00:00\",\"dateModified\":\"2026-04-26T19:57:51+00:00\",\"author\":{\"@id\":\"https:\\\/\\\/sjloyola.org\\\/eu\\\/#\\\/schema\\\/person\\\/91965d30e7fbf328542b4fc71e943604\"},\"breadcrumb\":{\"@id\":\"https:\\\/\\\/sjloyola.org\\\/eu\\\/jose-maria-guibert-ucin-sjren-heriotza\\\/#breadcrumb\"},\"inLanguage\":\"eu-ES\",\"potentialAction\":[{\"@type\":\"ReadAction\",\"target\":[\"https:\\\/\\\/sjloyola.org\\\/eu\\\/jose-maria-guibert-ucin-sjren-heriotza\\\/\"]}]},{\"@type\":\"ImageObject\",\"inLanguage\":\"eu-ES\",\"@id\":\"https:\\\/\\\/sjloyola.org\\\/eu\\\/jose-maria-guibert-ucin-sjren-heriotza\\\/#primaryimage\",\"url\":\"https:\\\/\\\/sjloyola.org\\\/wp-content\\\/uploads\\\/2026\\\/04\\\/Guibert.avif\",\"contentUrl\":\"https:\\\/\\\/sjloyola.org\\\/wp-content\\\/uploads\\\/2026\\\/04\\\/Guibert.avif\",\"width\":868,\"height\":488},{\"@type\":\"BreadcrumbList\",\"@id\":\"https:\\\/\\\/sjloyola.org\\\/eu\\\/jose-maria-guibert-ucin-sjren-heriotza\\\/#breadcrumb\",\"itemListElement\":[{\"@type\":\"ListItem\",\"position\":1,\"name\":\"Portada\",\"item\":\"https:\\\/\\\/sjloyola.org\\\/eu\\\/kantabria-errioxa-euskadi-eta-nafarroako-jesuitak\\\/\"},{\"@type\":\"ListItem\",\"position\":2,\"name\":\"Jos\u00e9 Mar\u00eda Guibert Uc\u00edn, SJren heriotza\"}]},{\"@type\":\"WebSite\",\"@id\":\"https:\\\/\\\/sjloyola.org\\\/eu\\\/#website\",\"url\":\"https:\\\/\\\/sjloyola.org\\\/eu\\\/\",\"name\":\"Jesuitas Loyola\",\"description\":\"Plataforma Apost\u00f3lica de los Jesuitas en Cantabria, Pa\u00eds Vasco y Navarra\",\"potentialAction\":[{\"@type\":\"SearchAction\",\"target\":{\"@type\":\"EntryPoint\",\"urlTemplate\":\"https:\\\/\\\/sjloyola.org\\\/eu\\\/?s={search_term_string}\"},\"query-input\":{\"@type\":\"PropertyValueSpecification\",\"valueRequired\":true,\"valueName\":\"search_term_string\"}}],\"inLanguage\":\"eu-ES\"},{\"@type\":\"Person\",\"@id\":\"https:\\\/\\\/sjloyola.org\\\/eu\\\/#\\\/schema\\\/person\\\/91965d30e7fbf328542b4fc71e943604\",\"name\":\"Vicente Marcuello\",\"image\":{\"@type\":\"ImageObject\",\"inLanguage\":\"eu-ES\",\"@id\":\"https:\\\/\\\/secure.gravatar.com\\\/avatar\\\/6f820696a75d9dbfe4f371018a143e0c897ac0a40f8bc362086bdbf39693184d?s=96&d=mm&r=g\",\"url\":\"https:\\\/\\\/secure.gravatar.com\\\/avatar\\\/6f820696a75d9dbfe4f371018a143e0c897ac0a40f8bc362086bdbf39693184d?s=96&d=mm&r=g\",\"contentUrl\":\"https:\\\/\\\/secure.gravatar.com\\\/avatar\\\/6f820696a75d9dbfe4f371018a143e0c897ac0a40f8bc362086bdbf39693184d?s=96&d=mm&r=g\",\"caption\":\"Vicente Marcuello\"},\"url\":\"https:\\\/\\\/sjloyola.org\\\/eu\\\/author\\\/vicente\\\/\"}]}<\/script>\n<!-- \/ Yoast SEO plugin. -->","yoast_head_json":{"title":"Jos\u00e9 Mar\u00eda Guibert Uc\u00edn, SJren heriotza - Jesuitas Loyola","robots":{"index":"index","follow":"follow","max-snippet":"max-snippet:-1","max-image-preview":"max-image-preview:large","max-video-preview":"max-video-preview:-1"},"canonical":"https:\/\/sjloyola.org\/eu\/jose-maria-guibert-ucin-sjren-heriotza\/","og_locale":"eu_ES","og_type":"article","og_title":"Jos\u00e9 Mar\u00eda Guibert Uc\u00edn, SJren heriotza - Jesuitas Loyola","og_description":"Deustuko Unibertsitateko errektoreak, Juan Jos\u00e9 Etxeberria SJk, gaur iragarri du bere heriotza. Jos\u00e9 Mar\u00eda Guibert, SJ Deustuko Unibertsitateko errektoreak, Juan Jos\u00e9 Etxeberria SJ-k, gaur, apirilaren 26an, Jos\u00e9 Mar\u00eda Guibert SJ-ren [&hellip;]","og_url":"https:\/\/sjloyola.org\/eu\/jose-maria-guibert-ucin-sjren-heriotza\/","og_site_name":"Jesuitas Loyola","article_published_time":"2026-04-26T19:35:27+00:00","article_modified_time":"2026-04-26T19:57:51+00:00","og_image":[{"width":868,"height":488,"url":"https:\/\/sjloyola.org\/wp-content\/uploads\/2026\/04\/Guibert.avif","type":"image\/jpeg"}],"author":"Vicente Marcuello","twitter_card":"summary_large_image","twitter_misc":{"Written by":"Vicente Marcuello","Est. reading time":"2 minutes"},"schema":{"@context":"https:\/\/schema.org","@graph":[{"@type":"Article","@id":"https:\/\/sjloyola.org\/eu\/jose-maria-guibert-ucin-sjren-heriotza\/#article","isPartOf":{"@id":"https:\/\/sjloyola.org\/eu\/jose-maria-guibert-ucin-sjren-heriotza\/"},"author":{"name":"Vicente Marcuello","@id":"https:\/\/sjloyola.org\/eu\/#\/schema\/person\/91965d30e7fbf328542b4fc71e943604"},"headline":"Jos\u00e9 Mar\u00eda Guibert Uc\u00edn, SJren heriotza","datePublished":"2026-04-26T19:35:27+00:00","dateModified":"2026-04-26T19:57:51+00:00","mainEntityOfPage":{"@id":"https:\/\/sjloyola.org\/eu\/jose-maria-guibert-ucin-sjren-heriotza\/"},"wordCount":350,"image":{"@id":"https:\/\/sjloyola.org\/eu\/jose-maria-guibert-ucin-sjren-heriotza\/#primaryimage"},"thumbnailUrl":"https:\/\/sjloyola.org\/wp-content\/uploads\/2026\/04\/Guibert.avif","keywords":["Deustuko unibertsitatea"],"articleSection":["DEUSTO"],"inLanguage":"eu-ES"},{"@type":"WebPage","@id":"https:\/\/sjloyola.org\/eu\/jose-maria-guibert-ucin-sjren-heriotza\/","url":"https:\/\/sjloyola.org\/eu\/jose-maria-guibert-ucin-sjren-heriotza\/","name":"Jos\u00e9 Mar\u00eda Guibert Uc\u00edn, SJren heriotza - Jesuitas Loyola","isPartOf":{"@id":"https:\/\/sjloyola.org\/eu\/#website"},"primaryImageOfPage":{"@id":"https:\/\/sjloyola.org\/eu\/jose-maria-guibert-ucin-sjren-heriotza\/#primaryimage"},"image":{"@id":"https:\/\/sjloyola.org\/eu\/jose-maria-guibert-ucin-sjren-heriotza\/#primaryimage"},"thumbnailUrl":"https:\/\/sjloyola.org\/wp-content\/uploads\/2026\/04\/Guibert.avif","datePublished":"2026-04-26T19:35:27+00:00","dateModified":"2026-04-26T19:57:51+00:00","author":{"@id":"https:\/\/sjloyola.org\/eu\/#\/schema\/person\/91965d30e7fbf328542b4fc71e943604"},"breadcrumb":{"@id":"https:\/\/sjloyola.org\/eu\/jose-maria-guibert-ucin-sjren-heriotza\/#breadcrumb"},"inLanguage":"eu-ES","potentialAction":[{"@type":"ReadAction","target":["https:\/\/sjloyola.org\/eu\/jose-maria-guibert-ucin-sjren-heriotza\/"]}]},{"@type":"ImageObject","inLanguage":"eu-ES","@id":"https:\/\/sjloyola.org\/eu\/jose-maria-guibert-ucin-sjren-heriotza\/#primaryimage","url":"https:\/\/sjloyola.org\/wp-content\/uploads\/2026\/04\/Guibert.avif","contentUrl":"https:\/\/sjloyola.org\/wp-content\/uploads\/2026\/04\/Guibert.avif","width":868,"height":488},{"@type":"BreadcrumbList","@id":"https:\/\/sjloyola.org\/eu\/jose-maria-guibert-ucin-sjren-heriotza\/#breadcrumb","itemListElement":[{"@type":"ListItem","position":1,"name":"Portada","item":"https:\/\/sjloyola.org\/eu\/kantabria-errioxa-euskadi-eta-nafarroako-jesuitak\/"},{"@type":"ListItem","position":2,"name":"Jos\u00e9 Mar\u00eda Guibert Uc\u00edn, SJren heriotza"}]},{"@type":"WebSite","@id":"https:\/\/sjloyola.org\/eu\/#website","url":"https:\/\/sjloyola.org\/eu\/","name":"Jesuitas Loyola","description":"Plataforma Apost\u00f3lica de los Jesuitas en Cantabria, Pa\u00eds Vasco y Navarra","potentialAction":[{"@type":"SearchAction","target":{"@type":"EntryPoint","urlTemplate":"https:\/\/sjloyola.org\/eu\/?s={search_term_string}"},"query-input":{"@type":"PropertyValueSpecification","valueRequired":true,"valueName":"search_term_string"}}],"inLanguage":"eu-ES"},{"@type":"Person","@id":"https:\/\/sjloyola.org\/eu\/#\/schema\/person\/91965d30e7fbf328542b4fc71e943604","name":"Vicente Marcuello","image":{"@type":"ImageObject","inLanguage":"eu-ES","@id":"https:\/\/secure.gravatar.com\/avatar\/6f820696a75d9dbfe4f371018a143e0c897ac0a40f8bc362086bdbf39693184d?s=96&d=mm&r=g","url":"https:\/\/secure.gravatar.com\/avatar\/6f820696a75d9dbfe4f371018a143e0c897ac0a40f8bc362086bdbf39693184d?s=96&d=mm&r=g","contentUrl":"https:\/\/secure.gravatar.com\/avatar\/6f820696a75d9dbfe4f371018a143e0c897ac0a40f8bc362086bdbf39693184d?s=96&d=mm&r=g","caption":"Vicente Marcuello"},"url":"https:\/\/sjloyola.org\/eu\/author\/vicente\/"}]}},"_links":{"self":[{"href":"https:\/\/sjloyola.org\/eu\/wp-json\/wp\/v2\/posts\/10646","targetHints":{"allow":["GET"]}}],"collection":[{"href":"https:\/\/sjloyola.org\/eu\/wp-json\/wp\/v2\/posts"}],"about":[{"href":"https:\/\/sjloyola.org\/eu\/wp-json\/wp\/v2\/types\/post"}],"author":[{"embeddable":true,"href":"https:\/\/sjloyola.org\/eu\/wp-json\/wp\/v2\/users\/5"}],"replies":[{"embeddable":true,"href":"https:\/\/sjloyola.org\/eu\/wp-json\/wp\/v2\/comments?post=10646"}],"version-history":[{"count":1,"href":"https:\/\/sjloyola.org\/eu\/wp-json\/wp\/v2\/posts\/10646\/revisions"}],"predecessor-version":[{"id":10647,"href":"https:\/\/sjloyola.org\/eu\/wp-json\/wp\/v2\/posts\/10646\/revisions\/10647"}],"wp:featuredmedia":[{"embeddable":true,"href":"https:\/\/sjloyola.org\/eu\/wp-json\/wp\/v2\/media\/10643"}],"wp:attachment":[{"href":"https:\/\/sjloyola.org\/eu\/wp-json\/wp\/v2\/media?parent=10646"}],"wp:term":[{"taxonomy":"category","embeddable":true,"href":"https:\/\/sjloyola.org\/eu\/wp-json\/wp\/v2\/categories?post=10646"},{"taxonomy":"post_tag","embeddable":true,"href":"https:\/\/sjloyola.org\/eu\/wp-json\/wp\/v2\/tags?post=10646"}],"curies":[{"name":"wp","href":"https:\/\/api.w.org\/{rel}","templated":true}]}}