{"id":10541,"date":"2026-03-27T18:15:50","date_gmt":"2026-03-27T17:15:50","guid":{"rendered":"https:\/\/sjloyola.org\/euskerarekiko-konpromiso-partekatua\/"},"modified":"2026-03-27T18:17:11","modified_gmt":"2026-03-27T17:17:11","slug":"euskerarekiko-konpromiso-partekatua","status":"publish","type":"post","link":"https:\/\/sjloyola.org\/eu\/euskerarekiko-konpromiso-partekatua\/","title":{"rendered":"Euskerarekiko konpromiso partekatua"},"content":{"rendered":"\n<p>Donostiako kaleak berriro ere bizitzaz bete ziren Korrika igarotzean, hamar egunez jarraian, Euskal Herria zeharkatzen duen euskeraren aldeko lasterketa herrikoi handia. 24. edizio honetan, <em>\u201cEuskara gara\u201d<\/em> lelopean, Jesuitak Donostia hezkuntza komunitateak funtsezko ekitaldi honekin bat egin zuen esanahi berezi batekin: ez genuen parte hartu eskola gisa bakarrik, baizik eta Jesusen Lagundiaren obra sare baten parte gisa. <\/p>\n\n<p>11:54etan, Secundino Esnaola kalean, <em>&#8220;lekukoa&#8221;<\/em> hartu genuen Loiolaetxea eta Alboanekin kilometro bat partekatzeko. 600 ikasle inguru, lehen hezkuntzatik batxilergoraino, hezitzaileekin eta jesuitekin batera, talde eta erakunde horietako pertsonekin batera korrika egin zuten. Gaur egun hizkuntzak zer esan nahi duen erakusten zuen irudi indartsua izan zen: topaketa, harrera eta garapen partekaturako espazio bat.  <\/p>\n\n<p>Ekitaldiak nazioarteko dimentsioa ere izan zuen Peruko eta Venezuelako Fe y Alegr\u00eda zentroetako Irma Mari\u00f1o eta Markis Mart\u00ednezen presentziari esker. Haien parte-hartzeak lotura sakon bat nabarmendu zuen: hemen euskera sustatzen den bitartean, beste leku batzuetan bertako hizkuntzak defendatzeko lan egiten da. Ozeanoaren bi aldeetako kultura, identitatea eta justizia batzen dituen kausa partekatua.  <\/p>\n\n<p>Korrikan parte hartzea, beraz, kirol jarduera bat baino askoz gehiago izan zen. Kalera ateratzea, publikoarekin partekatzea eta hizkuntza, gizarte konpromisoa eta herritartasun globala integratzen dituen kultura ulertzeko modu bat adieraztea esan nahi zuen. Ildo beretik, Deustuko Unibertsitateak ere bat egin du ekimenarekin Donostian eta Bilbon, euskera sustatzeko konpromiso partekatua indartuz.  <\/p>\n\n<p>Ibilbidean zehar oihartzuna izan duen moduan: <em>Tipi-tapa, tipi-tapa, Korrika.<\/em><\/p>\n","protected":false},"excerpt":{"rendered":"<p>Donostiako kaleak berriro ere bizitzaz bete ziren Korrika igarotzean, hamar egunez jarraian, Euskal Herria zeharkatzen duen euskeraren aldeko lasterketa herrikoi handia. 24. edizio honetan, \u201cEuskara gara\u201d lelopean, Jesuitak Donostia hezkuntza [&hellip;]<\/p>\n","protected":false},"author":5,"featured_media":10539,"comment_status":"closed","ping_status":"closed","sticky":false,"template":"","format":"standard","meta":{"_et_pb_use_builder":"","_et_pb_old_content":"","_et_gb_content_width":"","_price":"","_stock":"","_tribe_ticket_header":"","_tribe_default_ticket_provider":"","_ticket_start_date":"","_ticket_end_date":"","_tribe_ticket_show_description":"","_tribe_ticket_show_not_going":false,"_tribe_ticket_use_global_stock":"","_tribe_ticket_global_stock_level":"","_global_stock_mode":"","_global_stock_cap":"","_tribe_rsvp_for_event":"","_tribe_ticket_going_count":"","_tribe_ticket_not_going_count":"","_tribe_tickets_list":"[]","_tribe_ticket_has_attendee_info_fields":false,"footnotes":""},"categories":[315,424,349],"tags":[],"class_list":["post-10541","post","type-post","status-publish","format-standard","has-post-thumbnail","hentry","category-donostia","category-inkulturazioa","category-plataforma-apostolikoa"],"yoast_head":"<!-- This site is optimized with the Yoast SEO plugin v27.4 - https:\/\/yoast.com\/product\/yoast-seo-wordpress\/ -->\n<title>Euskerarekiko konpromiso partekatua - Jesuitas Loyola<\/title>\n<meta name=\"robots\" content=\"index, follow, max-snippet:-1, max-image-preview:large, max-video-preview:-1\" \/>\n<link rel=\"canonical\" href=\"https:\/\/sjloyola.org\/eu\/euskerarekiko-konpromiso-partekatua\/\" \/>\n<meta property=\"og:locale\" content=\"eu_ES\" \/>\n<meta property=\"og:type\" content=\"article\" \/>\n<meta property=\"og:title\" content=\"Euskerarekiko konpromiso partekatua - Jesuitas Loyola\" \/>\n<meta property=\"og:description\" content=\"Donostiako kaleak berriro ere bizitzaz bete ziren Korrika igarotzean, hamar egunez jarraian, Euskal Herria zeharkatzen duen euskeraren aldeko lasterketa herrikoi handia. 24. edizio honetan, \u201cEuskara gara\u201d lelopean, Jesuitak Donostia hezkuntza [&hellip;]\" \/>\n<meta property=\"og:url\" content=\"https:\/\/sjloyola.org\/eu\/euskerarekiko-konpromiso-partekatua\/\" \/>\n<meta property=\"og:site_name\" content=\"Jesuitas Loyola\" \/>\n<meta property=\"article:published_time\" content=\"2026-03-27T17:15:50+00:00\" \/>\n<meta property=\"article:modified_time\" content=\"2026-03-27T17:17:11+00:00\" \/>\n<meta property=\"og:image\" content=\"https:\/\/sjloyola.org\/wp-content\/uploads\/2026\/03\/Korrika2.avif\" \/>\n\t<meta property=\"og:image:width\" content=\"575\" \/>\n\t<meta property=\"og:image:height\" content=\"324\" \/>\n\t<meta property=\"og:image:type\" content=\"image\/jpeg\" \/>\n<meta name=\"author\" content=\"Vicente Marcuello\" \/>\n<meta name=\"twitter:card\" content=\"summary_large_image\" \/>\n<meta name=\"twitter:label1\" content=\"Written by\" \/>\n\t<meta name=\"twitter:data1\" content=\"Vicente Marcuello\" \/>\n\t<meta name=\"twitter:label2\" content=\"Est. reading time\" \/>\n\t<meta name=\"twitter:data2\" content=\"1 minute\" \/>\n<script type=\"application\/ld+json\" class=\"yoast-schema-graph\">{\"@context\":\"https:\\\/\\\/schema.org\",\"@graph\":[{\"@type\":\"Article\",\"@id\":\"https:\\\/\\\/sjloyola.org\\\/eu\\\/euskerarekiko-konpromiso-partekatua\\\/#article\",\"isPartOf\":{\"@id\":\"https:\\\/\\\/sjloyola.org\\\/eu\\\/euskerarekiko-konpromiso-partekatua\\\/\"},\"author\":{\"name\":\"Vicente Marcuello\",\"@id\":\"https:\\\/\\\/sjloyola.org\\\/eu\\\/#\\\/schema\\\/person\\\/91965d30e7fbf328542b4fc71e943604\"},\"headline\":\"Euskerarekiko konpromiso partekatua\",\"datePublished\":\"2026-03-27T17:15:50+00:00\",\"dateModified\":\"2026-03-27T17:17:11+00:00\",\"mainEntityOfPage\":{\"@id\":\"https:\\\/\\\/sjloyola.org\\\/eu\\\/euskerarekiko-konpromiso-partekatua\\\/\"},\"wordCount\":223,\"image\":{\"@id\":\"https:\\\/\\\/sjloyola.org\\\/eu\\\/euskerarekiko-konpromiso-partekatua\\\/#primaryimage\"},\"thumbnailUrl\":\"https:\\\/\\\/sjloyola.org\\\/wp-content\\\/uploads\\\/2026\\\/03\\\/Korrika2.avif\",\"articleSection\":[\"Donostia\",\"Inkulturazioa\",\"Plataforma apostolikoa\"],\"inLanguage\":\"eu-ES\"},{\"@type\":\"WebPage\",\"@id\":\"https:\\\/\\\/sjloyola.org\\\/eu\\\/euskerarekiko-konpromiso-partekatua\\\/\",\"url\":\"https:\\\/\\\/sjloyola.org\\\/eu\\\/euskerarekiko-konpromiso-partekatua\\\/\",\"name\":\"Euskerarekiko konpromiso partekatua - Jesuitas Loyola\",\"isPartOf\":{\"@id\":\"https:\\\/\\\/sjloyola.org\\\/eu\\\/#website\"},\"primaryImageOfPage\":{\"@id\":\"https:\\\/\\\/sjloyola.org\\\/eu\\\/euskerarekiko-konpromiso-partekatua\\\/#primaryimage\"},\"image\":{\"@id\":\"https:\\\/\\\/sjloyola.org\\\/eu\\\/euskerarekiko-konpromiso-partekatua\\\/#primaryimage\"},\"thumbnailUrl\":\"https:\\\/\\\/sjloyola.org\\\/wp-content\\\/uploads\\\/2026\\\/03\\\/Korrika2.avif\",\"datePublished\":\"2026-03-27T17:15:50+00:00\",\"dateModified\":\"2026-03-27T17:17:11+00:00\",\"author\":{\"@id\":\"https:\\\/\\\/sjloyola.org\\\/eu\\\/#\\\/schema\\\/person\\\/91965d30e7fbf328542b4fc71e943604\"},\"breadcrumb\":{\"@id\":\"https:\\\/\\\/sjloyola.org\\\/eu\\\/euskerarekiko-konpromiso-partekatua\\\/#breadcrumb\"},\"inLanguage\":\"eu-ES\",\"potentialAction\":[{\"@type\":\"ReadAction\",\"target\":[\"https:\\\/\\\/sjloyola.org\\\/eu\\\/euskerarekiko-konpromiso-partekatua\\\/\"]}]},{\"@type\":\"ImageObject\",\"inLanguage\":\"eu-ES\",\"@id\":\"https:\\\/\\\/sjloyola.org\\\/eu\\\/euskerarekiko-konpromiso-partekatua\\\/#primaryimage\",\"url\":\"https:\\\/\\\/sjloyola.org\\\/wp-content\\\/uploads\\\/2026\\\/03\\\/Korrika2.avif\",\"contentUrl\":\"https:\\\/\\\/sjloyola.org\\\/wp-content\\\/uploads\\\/2026\\\/03\\\/Korrika2.avif\",\"width\":575,\"height\":324},{\"@type\":\"BreadcrumbList\",\"@id\":\"https:\\\/\\\/sjloyola.org\\\/eu\\\/euskerarekiko-konpromiso-partekatua\\\/#breadcrumb\",\"itemListElement\":[{\"@type\":\"ListItem\",\"position\":1,\"name\":\"Portada\",\"item\":\"https:\\\/\\\/sjloyola.org\\\/eu\\\/kantabria-errioxa-euskadi-eta-nafarroako-jesuitak\\\/\"},{\"@type\":\"ListItem\",\"position\":2,\"name\":\"Euskerarekiko konpromiso partekatua\"}]},{\"@type\":\"WebSite\",\"@id\":\"https:\\\/\\\/sjloyola.org\\\/eu\\\/#website\",\"url\":\"https:\\\/\\\/sjloyola.org\\\/eu\\\/\",\"name\":\"Jesuitas Loyola\",\"description\":\"Plataforma Apost\u00f3lica de los Jesuitas en Cantabria, Pa\u00eds Vasco y Navarra\",\"potentialAction\":[{\"@type\":\"SearchAction\",\"target\":{\"@type\":\"EntryPoint\",\"urlTemplate\":\"https:\\\/\\\/sjloyola.org\\\/eu\\\/?s={search_term_string}\"},\"query-input\":{\"@type\":\"PropertyValueSpecification\",\"valueRequired\":true,\"valueName\":\"search_term_string\"}}],\"inLanguage\":\"eu-ES\"},{\"@type\":\"Person\",\"@id\":\"https:\\\/\\\/sjloyola.org\\\/eu\\\/#\\\/schema\\\/person\\\/91965d30e7fbf328542b4fc71e943604\",\"name\":\"Vicente Marcuello\",\"image\":{\"@type\":\"ImageObject\",\"inLanguage\":\"eu-ES\",\"@id\":\"https:\\\/\\\/secure.gravatar.com\\\/avatar\\\/6f820696a75d9dbfe4f371018a143e0c897ac0a40f8bc362086bdbf39693184d?s=96&d=mm&r=g\",\"url\":\"https:\\\/\\\/secure.gravatar.com\\\/avatar\\\/6f820696a75d9dbfe4f371018a143e0c897ac0a40f8bc362086bdbf39693184d?s=96&d=mm&r=g\",\"contentUrl\":\"https:\\\/\\\/secure.gravatar.com\\\/avatar\\\/6f820696a75d9dbfe4f371018a143e0c897ac0a40f8bc362086bdbf39693184d?s=96&d=mm&r=g\",\"caption\":\"Vicente Marcuello\"},\"url\":\"https:\\\/\\\/sjloyola.org\\\/eu\\\/author\\\/vicente\\\/\"}]}<\/script>\n<!-- \/ Yoast SEO plugin. -->","yoast_head_json":{"title":"Euskerarekiko konpromiso partekatua - Jesuitas Loyola","robots":{"index":"index","follow":"follow","max-snippet":"max-snippet:-1","max-image-preview":"max-image-preview:large","max-video-preview":"max-video-preview:-1"},"canonical":"https:\/\/sjloyola.org\/eu\/euskerarekiko-konpromiso-partekatua\/","og_locale":"eu_ES","og_type":"article","og_title":"Euskerarekiko konpromiso partekatua - Jesuitas Loyola","og_description":"Donostiako kaleak berriro ere bizitzaz bete ziren Korrika igarotzean, hamar egunez jarraian, Euskal Herria zeharkatzen duen euskeraren aldeko lasterketa herrikoi handia. 24. edizio honetan, \u201cEuskara gara\u201d lelopean, Jesuitak Donostia hezkuntza [&hellip;]","og_url":"https:\/\/sjloyola.org\/eu\/euskerarekiko-konpromiso-partekatua\/","og_site_name":"Jesuitas Loyola","article_published_time":"2026-03-27T17:15:50+00:00","article_modified_time":"2026-03-27T17:17:11+00:00","og_image":[{"width":575,"height":324,"url":"https:\/\/sjloyola.org\/wp-content\/uploads\/2026\/03\/Korrika2.avif","type":"image\/jpeg"}],"author":"Vicente Marcuello","twitter_card":"summary_large_image","twitter_misc":{"Written by":"Vicente Marcuello","Est. reading time":"1 minute"},"schema":{"@context":"https:\/\/schema.org","@graph":[{"@type":"Article","@id":"https:\/\/sjloyola.org\/eu\/euskerarekiko-konpromiso-partekatua\/#article","isPartOf":{"@id":"https:\/\/sjloyola.org\/eu\/euskerarekiko-konpromiso-partekatua\/"},"author":{"name":"Vicente Marcuello","@id":"https:\/\/sjloyola.org\/eu\/#\/schema\/person\/91965d30e7fbf328542b4fc71e943604"},"headline":"Euskerarekiko konpromiso partekatua","datePublished":"2026-03-27T17:15:50+00:00","dateModified":"2026-03-27T17:17:11+00:00","mainEntityOfPage":{"@id":"https:\/\/sjloyola.org\/eu\/euskerarekiko-konpromiso-partekatua\/"},"wordCount":223,"image":{"@id":"https:\/\/sjloyola.org\/eu\/euskerarekiko-konpromiso-partekatua\/#primaryimage"},"thumbnailUrl":"https:\/\/sjloyola.org\/wp-content\/uploads\/2026\/03\/Korrika2.avif","articleSection":["Donostia","Inkulturazioa","Plataforma apostolikoa"],"inLanguage":"eu-ES"},{"@type":"WebPage","@id":"https:\/\/sjloyola.org\/eu\/euskerarekiko-konpromiso-partekatua\/","url":"https:\/\/sjloyola.org\/eu\/euskerarekiko-konpromiso-partekatua\/","name":"Euskerarekiko konpromiso partekatua - Jesuitas Loyola","isPartOf":{"@id":"https:\/\/sjloyola.org\/eu\/#website"},"primaryImageOfPage":{"@id":"https:\/\/sjloyola.org\/eu\/euskerarekiko-konpromiso-partekatua\/#primaryimage"},"image":{"@id":"https:\/\/sjloyola.org\/eu\/euskerarekiko-konpromiso-partekatua\/#primaryimage"},"thumbnailUrl":"https:\/\/sjloyola.org\/wp-content\/uploads\/2026\/03\/Korrika2.avif","datePublished":"2026-03-27T17:15:50+00:00","dateModified":"2026-03-27T17:17:11+00:00","author":{"@id":"https:\/\/sjloyola.org\/eu\/#\/schema\/person\/91965d30e7fbf328542b4fc71e943604"},"breadcrumb":{"@id":"https:\/\/sjloyola.org\/eu\/euskerarekiko-konpromiso-partekatua\/#breadcrumb"},"inLanguage":"eu-ES","potentialAction":[{"@type":"ReadAction","target":["https:\/\/sjloyola.org\/eu\/euskerarekiko-konpromiso-partekatua\/"]}]},{"@type":"ImageObject","inLanguage":"eu-ES","@id":"https:\/\/sjloyola.org\/eu\/euskerarekiko-konpromiso-partekatua\/#primaryimage","url":"https:\/\/sjloyola.org\/wp-content\/uploads\/2026\/03\/Korrika2.avif","contentUrl":"https:\/\/sjloyola.org\/wp-content\/uploads\/2026\/03\/Korrika2.avif","width":575,"height":324},{"@type":"BreadcrumbList","@id":"https:\/\/sjloyola.org\/eu\/euskerarekiko-konpromiso-partekatua\/#breadcrumb","itemListElement":[{"@type":"ListItem","position":1,"name":"Portada","item":"https:\/\/sjloyola.org\/eu\/kantabria-errioxa-euskadi-eta-nafarroako-jesuitak\/"},{"@type":"ListItem","position":2,"name":"Euskerarekiko konpromiso partekatua"}]},{"@type":"WebSite","@id":"https:\/\/sjloyola.org\/eu\/#website","url":"https:\/\/sjloyola.org\/eu\/","name":"Jesuitas Loyola","description":"Plataforma Apost\u00f3lica de los Jesuitas en Cantabria, Pa\u00eds Vasco y Navarra","potentialAction":[{"@type":"SearchAction","target":{"@type":"EntryPoint","urlTemplate":"https:\/\/sjloyola.org\/eu\/?s={search_term_string}"},"query-input":{"@type":"PropertyValueSpecification","valueRequired":true,"valueName":"search_term_string"}}],"inLanguage":"eu-ES"},{"@type":"Person","@id":"https:\/\/sjloyola.org\/eu\/#\/schema\/person\/91965d30e7fbf328542b4fc71e943604","name":"Vicente Marcuello","image":{"@type":"ImageObject","inLanguage":"eu-ES","@id":"https:\/\/secure.gravatar.com\/avatar\/6f820696a75d9dbfe4f371018a143e0c897ac0a40f8bc362086bdbf39693184d?s=96&d=mm&r=g","url":"https:\/\/secure.gravatar.com\/avatar\/6f820696a75d9dbfe4f371018a143e0c897ac0a40f8bc362086bdbf39693184d?s=96&d=mm&r=g","contentUrl":"https:\/\/secure.gravatar.com\/avatar\/6f820696a75d9dbfe4f371018a143e0c897ac0a40f8bc362086bdbf39693184d?s=96&d=mm&r=g","caption":"Vicente Marcuello"},"url":"https:\/\/sjloyola.org\/eu\/author\/vicente\/"}]}},"_links":{"self":[{"href":"https:\/\/sjloyola.org\/eu\/wp-json\/wp\/v2\/posts\/10541","targetHints":{"allow":["GET"]}}],"collection":[{"href":"https:\/\/sjloyola.org\/eu\/wp-json\/wp\/v2\/posts"}],"about":[{"href":"https:\/\/sjloyola.org\/eu\/wp-json\/wp\/v2\/types\/post"}],"author":[{"embeddable":true,"href":"https:\/\/sjloyola.org\/eu\/wp-json\/wp\/v2\/users\/5"}],"replies":[{"embeddable":true,"href":"https:\/\/sjloyola.org\/eu\/wp-json\/wp\/v2\/comments?post=10541"}],"version-history":[{"count":1,"href":"https:\/\/sjloyola.org\/eu\/wp-json\/wp\/v2\/posts\/10541\/revisions"}],"predecessor-version":[{"id":10542,"href":"https:\/\/sjloyola.org\/eu\/wp-json\/wp\/v2\/posts\/10541\/revisions\/10542"}],"wp:featuredmedia":[{"embeddable":true,"href":"https:\/\/sjloyola.org\/eu\/wp-json\/wp\/v2\/media\/10539"}],"wp:attachment":[{"href":"https:\/\/sjloyola.org\/eu\/wp-json\/wp\/v2\/media?parent=10541"}],"wp:term":[{"taxonomy":"category","embeddable":true,"href":"https:\/\/sjloyola.org\/eu\/wp-json\/wp\/v2\/categories?post=10541"},{"taxonomy":"post_tag","embeddable":true,"href":"https:\/\/sjloyola.org\/eu\/wp-json\/wp\/v2\/tags?post=10541"}],"curies":[{"name":"wp","href":"https:\/\/api.w.org\/{rel}","templated":true}]}}