{"id":10065,"date":"2025-11-24T21:13:05","date_gmt":"2025-11-24T20:13:05","guid":{"rendered":"https:\/\/sjloyola.org\/ucako-martirien-oroimenez\/"},"modified":"2025-11-26T10:07:23","modified_gmt":"2025-11-26T09:07:23","slug":"ucako-martirien-oroimenez","status":"publish","type":"post","link":"https:\/\/sjloyola.org\/eu\/ucako-martirien-oroimenez\/","title":{"rendered":"UCAko martirien oroimenez"},"content":{"rendered":"\n<p>Azaroaren 17an, Deustuko Unibertsitateak El Salvadorreko Erdialdeko Amerikako Unibertsitateko (UCA) martiriak gogoratu zituen: 1989an justiziaren, bakearen eta egiaren aldeko konpromisoagatik eraildako sei jesuita eta bi emakume. Haien lekukotza itxaropenaren eta misioarekiko leialtasunaren seinale izaten jarraitzen du gure unibertsitate jesuitentzat. <\/p>\n\n<p>Urteurren hau ospatzeko, jesuita nobizioek gidatutako otoitz-zerbitzua egin zen Bilbon, martiriak eta unibertsitatearekiko fede eta konpromisoaren ondarea gogoratzeko. Antzeko otoitz-zerbitzua ere egin zen Donostiako campuseko Antxieta kaperan. <\/p>\n\n<p>Era berean, egun honetan, Bilboko campusean, elkarrizketa bat izan zen Fatima Pe\u00f1arekin, UCAkoa, egun hauetan Bilbon dagoena, eta hark El Salvadorreko unibertsitateak bere misioa nola bizi duen azaldu zuen, herrialdearen egungo testuinguruan.  <\/p>\n\n<p>F\u00e1tima Pe\u00f1ak Gizarte Komunikazioan lizentziatua eta Zientzia Politikoetan masterra du Jos\u00e9 Sime\u00f3n Ca\u00f1as Erdialdeko Amerikako Unibertsitatetik (UCA). Gaur egun, UCAko Gizarte Hedapenerako Errektoreordetzako defentsa-arloko koordinatzaile gisa dihardu, eta unibertsitate bereko Soziologia eta Zientzia Politikoen Saileko irakasle gisa. 2013tik 2016ra, kazetari gisa lan egin zuen. Bere interes-eremuen artean daude elite ekonomiko eta politikoak, ingurumen-gatazkak eta erregimen politikoen trantsizioak.   <\/p>\n","protected":false},"excerpt":{"rendered":"<p>Azaroaren 17an, Deustuko Unibertsitateak El Salvadorreko Erdialdeko Amerikako Unibertsitateko (UCA) martiriak gogoratu zituen: 1989an justiziaren, bakearen eta egiaren aldeko konpromisoagatik eraildako sei jesuita eta bi emakume. Haien lekukotza itxaropenaren eta [&hellip;]<\/p>\n","protected":false},"author":5,"featured_media":10037,"comment_status":"closed","ping_status":"closed","sticky":false,"template":"","format":"standard","meta":{"_et_pb_use_builder":"","_et_pb_old_content":"","_et_gb_content_width":"","_price":"","_stock":"","_tribe_ticket_header":"","_tribe_default_ticket_provider":"","_ticket_start_date":"","_ticket_end_date":"","_tribe_ticket_show_description":"","_tribe_ticket_show_not_going":false,"_tribe_ticket_use_global_stock":"","_tribe_ticket_global_stock_level":"","_global_stock_mode":"","_global_stock_cap":"","_tribe_rsvp_for_event":"","_tribe_ticket_going_count":"","_tribe_ticket_not_going_count":"","_tribe_tickets_list":"[]","_tribe_ticket_has_attendee_info_fields":false,"footnotes":""},"categories":[314,287],"tags":[375],"class_list":["post-10065","post","type-post","status-publish","format-standard","has-post-thumbnail","hentry","category-bilbo","category-deusto-eu","tag-deustuko-unibertsitatea"],"yoast_head":"<!-- This site is optimized with the Yoast SEO plugin v27.5 - https:\/\/yoast.com\/product\/yoast-seo-wordpress\/ -->\n<title>UCAko martirien oroimenez - Jesuitas Loyola<\/title>\n<meta name=\"robots\" content=\"index, follow, max-snippet:-1, max-image-preview:large, max-video-preview:-1\" \/>\n<link rel=\"canonical\" href=\"https:\/\/sjloyola.org\/eu\/ucako-martirien-oroimenez\/\" \/>\n<meta property=\"og:locale\" content=\"eu_ES\" \/>\n<meta property=\"og:type\" content=\"article\" \/>\n<meta property=\"og:title\" content=\"UCAko martirien oroimenez - Jesuitas Loyola\" \/>\n<meta property=\"og:description\" content=\"Azaroaren 17an, Deustuko Unibertsitateak El Salvadorreko Erdialdeko Amerikako Unibertsitateko (UCA) martiriak gogoratu zituen: 1989an justiziaren, bakearen eta egiaren aldeko konpromisoagatik eraildako sei jesuita eta bi emakume. Haien lekukotza itxaropenaren eta [&hellip;]\" \/>\n<meta property=\"og:url\" content=\"https:\/\/sjloyola.org\/eu\/ucako-martirien-oroimenez\/\" \/>\n<meta property=\"og:site_name\" content=\"Jesuitas Loyola\" \/>\n<meta property=\"article:published_time\" content=\"2025-11-24T20:13:05+00:00\" \/>\n<meta property=\"article:modified_time\" content=\"2025-11-26T09:07:23+00:00\" \/>\n<meta property=\"og:image\" content=\"https:\/\/sjloyola.org\/wp-content\/uploads\/2025\/11\/2025-UCA-Deusto-01-scaled.avif\" \/>\n\t<meta property=\"og:image:width\" content=\"2560\" \/>\n\t<meta property=\"og:image:height\" content=\"1440\" \/>\n\t<meta property=\"og:image:type\" content=\"image\/jpeg\" \/>\n<meta name=\"author\" content=\"Vicente Marcuello\" \/>\n<meta name=\"twitter:card\" content=\"summary_large_image\" \/>\n<meta name=\"twitter:label1\" content=\"Written by\" \/>\n\t<meta name=\"twitter:data1\" content=\"Vicente Marcuello\" \/>\n\t<meta name=\"twitter:label2\" content=\"Est. reading time\" \/>\n\t<meta name=\"twitter:data2\" content=\"1 minute\" \/>\n<script type=\"application\/ld+json\" class=\"yoast-schema-graph\">{\"@context\":\"https:\\\/\\\/schema.org\",\"@graph\":[{\"@type\":\"Article\",\"@id\":\"https:\\\/\\\/sjloyola.org\\\/eu\\\/ucako-martirien-oroimenez\\\/#article\",\"isPartOf\":{\"@id\":\"https:\\\/\\\/sjloyola.org\\\/eu\\\/ucako-martirien-oroimenez\\\/\"},\"author\":{\"name\":\"Vicente Marcuello\",\"@id\":\"https:\\\/\\\/sjloyola.org\\\/eu\\\/#\\\/schema\\\/person\\\/91965d30e7fbf328542b4fc71e943604\"},\"headline\":\"UCAko martirien oroimenez\",\"datePublished\":\"2025-11-24T20:13:05+00:00\",\"dateModified\":\"2025-11-26T09:07:23+00:00\",\"mainEntityOfPage\":{\"@id\":\"https:\\\/\\\/sjloyola.org\\\/eu\\\/ucako-martirien-oroimenez\\\/\"},\"wordCount\":163,\"image\":{\"@id\":\"https:\\\/\\\/sjloyola.org\\\/eu\\\/ucako-martirien-oroimenez\\\/#primaryimage\"},\"thumbnailUrl\":\"https:\\\/\\\/sjloyola.org\\\/wp-content\\\/uploads\\\/2025\\\/11\\\/2025-UCA-Deusto-01-scaled.avif\",\"keywords\":[\"Deustuko unibertsitatea\"],\"articleSection\":[\"Bilbo\",\"DEUSTO\"],\"inLanguage\":\"eu-ES\"},{\"@type\":\"WebPage\",\"@id\":\"https:\\\/\\\/sjloyola.org\\\/eu\\\/ucako-martirien-oroimenez\\\/\",\"url\":\"https:\\\/\\\/sjloyola.org\\\/eu\\\/ucako-martirien-oroimenez\\\/\",\"name\":\"UCAko martirien oroimenez - Jesuitas Loyola\",\"isPartOf\":{\"@id\":\"https:\\\/\\\/sjloyola.org\\\/eu\\\/#website\"},\"primaryImageOfPage\":{\"@id\":\"https:\\\/\\\/sjloyola.org\\\/eu\\\/ucako-martirien-oroimenez\\\/#primaryimage\"},\"image\":{\"@id\":\"https:\\\/\\\/sjloyola.org\\\/eu\\\/ucako-martirien-oroimenez\\\/#primaryimage\"},\"thumbnailUrl\":\"https:\\\/\\\/sjloyola.org\\\/wp-content\\\/uploads\\\/2025\\\/11\\\/2025-UCA-Deusto-01-scaled.avif\",\"datePublished\":\"2025-11-24T20:13:05+00:00\",\"dateModified\":\"2025-11-26T09:07:23+00:00\",\"author\":{\"@id\":\"https:\\\/\\\/sjloyola.org\\\/eu\\\/#\\\/schema\\\/person\\\/91965d30e7fbf328542b4fc71e943604\"},\"breadcrumb\":{\"@id\":\"https:\\\/\\\/sjloyola.org\\\/eu\\\/ucako-martirien-oroimenez\\\/#breadcrumb\"},\"inLanguage\":\"eu-ES\",\"potentialAction\":[{\"@type\":\"ReadAction\",\"target\":[\"https:\\\/\\\/sjloyola.org\\\/eu\\\/ucako-martirien-oroimenez\\\/\"]}]},{\"@type\":\"ImageObject\",\"inLanguage\":\"eu-ES\",\"@id\":\"https:\\\/\\\/sjloyola.org\\\/eu\\\/ucako-martirien-oroimenez\\\/#primaryimage\",\"url\":\"https:\\\/\\\/sjloyola.org\\\/wp-content\\\/uploads\\\/2025\\\/11\\\/2025-UCA-Deusto-01-scaled.avif\",\"contentUrl\":\"https:\\\/\\\/sjloyola.org\\\/wp-content\\\/uploads\\\/2025\\\/11\\\/2025-UCA-Deusto-01-scaled.avif\",\"width\":2560,\"height\":1440},{\"@type\":\"BreadcrumbList\",\"@id\":\"https:\\\/\\\/sjloyola.org\\\/eu\\\/ucako-martirien-oroimenez\\\/#breadcrumb\",\"itemListElement\":[{\"@type\":\"ListItem\",\"position\":1,\"name\":\"Portada\",\"item\":\"https:\\\/\\\/sjloyola.org\\\/eu\\\/kantabria-errioxa-euskadi-eta-nafarroako-jesuitak\\\/\"},{\"@type\":\"ListItem\",\"position\":2,\"name\":\"UCAko martirien oroimenez\"}]},{\"@type\":\"WebSite\",\"@id\":\"https:\\\/\\\/sjloyola.org\\\/eu\\\/#website\",\"url\":\"https:\\\/\\\/sjloyola.org\\\/eu\\\/\",\"name\":\"Jesuitas Loyola\",\"description\":\"Plataforma Apost\u00f3lica de los Jesuitas en Cantabria, Pa\u00eds Vasco y Navarra\",\"potentialAction\":[{\"@type\":\"SearchAction\",\"target\":{\"@type\":\"EntryPoint\",\"urlTemplate\":\"https:\\\/\\\/sjloyola.org\\\/eu\\\/?s={search_term_string}\"},\"query-input\":{\"@type\":\"PropertyValueSpecification\",\"valueRequired\":true,\"valueName\":\"search_term_string\"}}],\"inLanguage\":\"eu-ES\"},{\"@type\":\"Person\",\"@id\":\"https:\\\/\\\/sjloyola.org\\\/eu\\\/#\\\/schema\\\/person\\\/91965d30e7fbf328542b4fc71e943604\",\"name\":\"Vicente Marcuello\",\"image\":{\"@type\":\"ImageObject\",\"inLanguage\":\"eu-ES\",\"@id\":\"https:\\\/\\\/secure.gravatar.com\\\/avatar\\\/6f820696a75d9dbfe4f371018a143e0c897ac0a40f8bc362086bdbf39693184d?s=96&d=mm&r=g\",\"url\":\"https:\\\/\\\/secure.gravatar.com\\\/avatar\\\/6f820696a75d9dbfe4f371018a143e0c897ac0a40f8bc362086bdbf39693184d?s=96&d=mm&r=g\",\"contentUrl\":\"https:\\\/\\\/secure.gravatar.com\\\/avatar\\\/6f820696a75d9dbfe4f371018a143e0c897ac0a40f8bc362086bdbf39693184d?s=96&d=mm&r=g\",\"caption\":\"Vicente Marcuello\"},\"url\":\"https:\\\/\\\/sjloyola.org\\\/eu\\\/author\\\/vicente\\\/\"}]}<\/script>\n<!-- \/ Yoast SEO plugin. -->","yoast_head_json":{"title":"UCAko martirien oroimenez - Jesuitas Loyola","robots":{"index":"index","follow":"follow","max-snippet":"max-snippet:-1","max-image-preview":"max-image-preview:large","max-video-preview":"max-video-preview:-1"},"canonical":"https:\/\/sjloyola.org\/eu\/ucako-martirien-oroimenez\/","og_locale":"eu_ES","og_type":"article","og_title":"UCAko martirien oroimenez - Jesuitas Loyola","og_description":"Azaroaren 17an, Deustuko Unibertsitateak El Salvadorreko Erdialdeko Amerikako Unibertsitateko (UCA) martiriak gogoratu zituen: 1989an justiziaren, bakearen eta egiaren aldeko konpromisoagatik eraildako sei jesuita eta bi emakume. Haien lekukotza itxaropenaren eta [&hellip;]","og_url":"https:\/\/sjloyola.org\/eu\/ucako-martirien-oroimenez\/","og_site_name":"Jesuitas Loyola","article_published_time":"2025-11-24T20:13:05+00:00","article_modified_time":"2025-11-26T09:07:23+00:00","og_image":[{"width":2560,"height":1440,"url":"https:\/\/sjloyola.org\/wp-content\/uploads\/2025\/11\/2025-UCA-Deusto-01-scaled.avif","type":"image\/jpeg"}],"author":"Vicente Marcuello","twitter_card":"summary_large_image","twitter_misc":{"Written by":"Vicente Marcuello","Est. reading time":"1 minute"},"schema":{"@context":"https:\/\/schema.org","@graph":[{"@type":"Article","@id":"https:\/\/sjloyola.org\/eu\/ucako-martirien-oroimenez\/#article","isPartOf":{"@id":"https:\/\/sjloyola.org\/eu\/ucako-martirien-oroimenez\/"},"author":{"name":"Vicente Marcuello","@id":"https:\/\/sjloyola.org\/eu\/#\/schema\/person\/91965d30e7fbf328542b4fc71e943604"},"headline":"UCAko martirien oroimenez","datePublished":"2025-11-24T20:13:05+00:00","dateModified":"2025-11-26T09:07:23+00:00","mainEntityOfPage":{"@id":"https:\/\/sjloyola.org\/eu\/ucako-martirien-oroimenez\/"},"wordCount":163,"image":{"@id":"https:\/\/sjloyola.org\/eu\/ucako-martirien-oroimenez\/#primaryimage"},"thumbnailUrl":"https:\/\/sjloyola.org\/wp-content\/uploads\/2025\/11\/2025-UCA-Deusto-01-scaled.avif","keywords":["Deustuko unibertsitatea"],"articleSection":["Bilbo","DEUSTO"],"inLanguage":"eu-ES"},{"@type":"WebPage","@id":"https:\/\/sjloyola.org\/eu\/ucako-martirien-oroimenez\/","url":"https:\/\/sjloyola.org\/eu\/ucako-martirien-oroimenez\/","name":"UCAko martirien oroimenez - Jesuitas Loyola","isPartOf":{"@id":"https:\/\/sjloyola.org\/eu\/#website"},"primaryImageOfPage":{"@id":"https:\/\/sjloyola.org\/eu\/ucako-martirien-oroimenez\/#primaryimage"},"image":{"@id":"https:\/\/sjloyola.org\/eu\/ucako-martirien-oroimenez\/#primaryimage"},"thumbnailUrl":"https:\/\/sjloyola.org\/wp-content\/uploads\/2025\/11\/2025-UCA-Deusto-01-scaled.avif","datePublished":"2025-11-24T20:13:05+00:00","dateModified":"2025-11-26T09:07:23+00:00","author":{"@id":"https:\/\/sjloyola.org\/eu\/#\/schema\/person\/91965d30e7fbf328542b4fc71e943604"},"breadcrumb":{"@id":"https:\/\/sjloyola.org\/eu\/ucako-martirien-oroimenez\/#breadcrumb"},"inLanguage":"eu-ES","potentialAction":[{"@type":"ReadAction","target":["https:\/\/sjloyola.org\/eu\/ucako-martirien-oroimenez\/"]}]},{"@type":"ImageObject","inLanguage":"eu-ES","@id":"https:\/\/sjloyola.org\/eu\/ucako-martirien-oroimenez\/#primaryimage","url":"https:\/\/sjloyola.org\/wp-content\/uploads\/2025\/11\/2025-UCA-Deusto-01-scaled.avif","contentUrl":"https:\/\/sjloyola.org\/wp-content\/uploads\/2025\/11\/2025-UCA-Deusto-01-scaled.avif","width":2560,"height":1440},{"@type":"BreadcrumbList","@id":"https:\/\/sjloyola.org\/eu\/ucako-martirien-oroimenez\/#breadcrumb","itemListElement":[{"@type":"ListItem","position":1,"name":"Portada","item":"https:\/\/sjloyola.org\/eu\/kantabria-errioxa-euskadi-eta-nafarroako-jesuitak\/"},{"@type":"ListItem","position":2,"name":"UCAko martirien oroimenez"}]},{"@type":"WebSite","@id":"https:\/\/sjloyola.org\/eu\/#website","url":"https:\/\/sjloyola.org\/eu\/","name":"Jesuitas Loyola","description":"Plataforma Apost\u00f3lica de los Jesuitas en Cantabria, Pa\u00eds Vasco y Navarra","potentialAction":[{"@type":"SearchAction","target":{"@type":"EntryPoint","urlTemplate":"https:\/\/sjloyola.org\/eu\/?s={search_term_string}"},"query-input":{"@type":"PropertyValueSpecification","valueRequired":true,"valueName":"search_term_string"}}],"inLanguage":"eu-ES"},{"@type":"Person","@id":"https:\/\/sjloyola.org\/eu\/#\/schema\/person\/91965d30e7fbf328542b4fc71e943604","name":"Vicente Marcuello","image":{"@type":"ImageObject","inLanguage":"eu-ES","@id":"https:\/\/secure.gravatar.com\/avatar\/6f820696a75d9dbfe4f371018a143e0c897ac0a40f8bc362086bdbf39693184d?s=96&d=mm&r=g","url":"https:\/\/secure.gravatar.com\/avatar\/6f820696a75d9dbfe4f371018a143e0c897ac0a40f8bc362086bdbf39693184d?s=96&d=mm&r=g","contentUrl":"https:\/\/secure.gravatar.com\/avatar\/6f820696a75d9dbfe4f371018a143e0c897ac0a40f8bc362086bdbf39693184d?s=96&d=mm&r=g","caption":"Vicente Marcuello"},"url":"https:\/\/sjloyola.org\/eu\/author\/vicente\/"}]}},"_links":{"self":[{"href":"https:\/\/sjloyola.org\/eu\/wp-json\/wp\/v2\/posts\/10065","targetHints":{"allow":["GET"]}}],"collection":[{"href":"https:\/\/sjloyola.org\/eu\/wp-json\/wp\/v2\/posts"}],"about":[{"href":"https:\/\/sjloyola.org\/eu\/wp-json\/wp\/v2\/types\/post"}],"author":[{"embeddable":true,"href":"https:\/\/sjloyola.org\/eu\/wp-json\/wp\/v2\/users\/5"}],"replies":[{"embeddable":true,"href":"https:\/\/sjloyola.org\/eu\/wp-json\/wp\/v2\/comments?post=10065"}],"version-history":[{"count":1,"href":"https:\/\/sjloyola.org\/eu\/wp-json\/wp\/v2\/posts\/10065\/revisions"}],"predecessor-version":[{"id":10066,"href":"https:\/\/sjloyola.org\/eu\/wp-json\/wp\/v2\/posts\/10065\/revisions\/10066"}],"wp:featuredmedia":[{"embeddable":true,"href":"https:\/\/sjloyola.org\/eu\/wp-json\/wp\/v2\/media\/10037"}],"wp:attachment":[{"href":"https:\/\/sjloyola.org\/eu\/wp-json\/wp\/v2\/media?parent=10065"}],"wp:term":[{"taxonomy":"category","embeddable":true,"href":"https:\/\/sjloyola.org\/eu\/wp-json\/wp\/v2\/categories?post=10065"},{"taxonomy":"post_tag","embeddable":true,"href":"https:\/\/sjloyola.org\/eu\/wp-json\/wp\/v2\/tags?post=10065"}],"curies":[{"name":"wp","href":"https:\/\/api.w.org\/{rel}","templated":true}]}}