{"id":9883,"global_id":"sjloyola.org\/eu\/?id=9883","global_id_lineage":["sjloyola.org\/eu\/?id=9883"],"author":"5","status":"publish","date":"2025-11-07 22:15:39","date_utc":"2025-11-07 21:15:39","modified":"2025-11-07 22:15:39","modified_utc":"2025-11-07 21:15:39","url":"https:\/\/sjloyola.org\/eu\/event\/tiempo-adentro-bilbao\/","rest_url":"https:\/\/sjloyola.org\/eu\/wp-json\/tribe\/events\/v1\/events\/9883","title":"Tiempo adentro Bilbao","description":"<div class=\"et_pb_slides\">\n<div class=\"et_pb_slide et_pb_slide_2 et_pb_bg_layout_dark et_pb_slide_with_image et_pb_media_alignment_center et_pb_slider_with_overlay et-pb-active-slide\" data-slide-id=\"et_pb_slide_2\">\n<div class=\"et_pb_container clearfix\">\n<div class=\"et_pb_slider_container_inner\">\n<div class=\"et_pb_slide_description\">\n<div class=\"et_pb_slide_content\">\n<div class=\"field field--name-field-descripcion field--type-text field--label-hidden field__item\">Gure ahotsak batzen ditugu esker onez gogoratzeko UCA- El Salvadorreko martirien ondarea 36 aniversarioan \u2013 Elba eta Celina Ramos, Juan Ram\u00f3n Moreno, Joaqu\u00edn L\u00f3pez y L\u00f3pez, Amando L\u00f3pez, Ignacio Martin Bar\u00f3, Segundo Montes eta Ignacio Ellacuria eta gure munduko gerra eta indarkerien iluntasunean zuzi diren beste hainbat pertsona.<\/div>\n<div><\/div>\n<div class=\"field field--name-field-descripcion field--type-text field--label-hidden field__item\">Bake, Fede eta Justiziako lekukoak hurbiltzen dizkiguten pertsonen testigantzak izango ditugu. Egun hauetan, Gazaren, Kongoko Errepublika Demokratikoaren eta El Salvadorren aldeko gure isiltasuna eta oihua ozenago jartzen dugu. <\/div>\n<\/div>\n<\/div>\n<\/div>\n<\/div>\n<\/div>\n<\/div>\n<div class=\"et-pb-slider-arrows\"><img loading=\"lazy\" decoding=\"async\" class=\"\" src=\"https:\/\/sjloyola.org\/wp-content\/uploads\/2025\/11\/Tiempo-adentro-noviembre-scaled.avif\" alt=\"\" width=\"949\" height=\"1342\"><\/div>","excerpt":"","slug":"tiempo-adentro-bilbao","image":{"url":"https:\/\/sjloyola.org\/wp-content\/uploads\/2025\/11\/Tiempo-adentro-13-noviembre.avif","id":9880,"extension":"avif","width":2467,"height":1388,"filesize":133297,"sizes":{"medium":{"width":300,"height":169,"mime-type":"image\/avif","filesize":8837,"url":"https:\/\/sjloyola.org\/wp-content\/uploads\/2025\/11\/Tiempo-adentro-13-noviembre-300x169.avif"},"large":{"width":1024,"height":576,"mime-type":"image\/avif","filesize":38408,"url":"https:\/\/sjloyola.org\/wp-content\/uploads\/2025\/11\/Tiempo-adentro-13-noviembre-1024x576.avif"},"thumbnail":{"width":150,"height":150,"mime-type":"image\/avif","filesize":3653,"url":"https:\/\/sjloyola.org\/wp-content\/uploads\/2025\/11\/Tiempo-adentro-13-noviembre-150x150.avif"},"medium_large":{"width":768,"height":432,"mime-type":"image\/avif","filesize":28759,"url":"https:\/\/sjloyola.org\/wp-content\/uploads\/2025\/11\/Tiempo-adentro-13-noviembre-768x432.avif"},"1536x1536":{"width":1536,"height":864,"mime-type":"image\/avif","filesize":62244,"url":"https:\/\/sjloyola.org\/wp-content\/uploads\/2025\/11\/Tiempo-adentro-13-noviembre-1536x864.avif"},"2048x2048":{"width":2048,"height":1152,"mime-type":"image\/avif","filesize":91507,"url":"https:\/\/sjloyola.org\/wp-content\/uploads\/2025\/11\/Tiempo-adentro-13-noviembre-2048x1152.avif"},"et-pb-post-main-image":{"width":400,"height":250,"mime-type":"image\/avif","filesize":12319,"url":"https:\/\/sjloyola.org\/wp-content\/uploads\/2025\/11\/Tiempo-adentro-13-noviembre-400x250.avif"},"et-pb-post-main-image-fullwidth":{"width":1080,"height":675,"mime-type":"image\/avif","filesize":37556,"url":"https:\/\/sjloyola.org\/wp-content\/uploads\/2025\/11\/Tiempo-adentro-13-noviembre-1080x675.avif"},"et-pb-portfolio-image":{"width":400,"height":284,"mime-type":"image\/avif","filesize":10791,"url":"https:\/\/sjloyola.org\/wp-content\/uploads\/2025\/11\/Tiempo-adentro-13-noviembre-400x284.avif"},"et-pb-portfolio-module-image":{"width":510,"height":382,"mime-type":"image\/avif","filesize":12969,"url":"https:\/\/sjloyola.org\/wp-content\/uploads\/2025\/11\/Tiempo-adentro-13-noviembre-510x382.avif"},"et-pb-portfolio-image-single":{"width":1080,"height":608,"mime-type":"image\/avif","filesize":40257,"url":"https:\/\/sjloyola.org\/wp-content\/uploads\/2025\/11\/Tiempo-adentro-13-noviembre-1080x608.avif"},"et-pb-gallery-module-image-portrait":{"width":400,"height":516,"mime-type":"image\/avif","filesize":10787,"url":"https:\/\/sjloyola.org\/wp-content\/uploads\/2025\/11\/Tiempo-adentro-13-noviembre-400x516.avif"},"et-pb-image--responsive--desktop":{"width":1280,"height":720,"mime-type":"image\/avif","filesize":49753,"url":"https:\/\/sjloyola.org\/wp-content\/uploads\/2025\/11\/Tiempo-adentro-13-noviembre-1280x720.avif"},"et-pb-image--responsive--tablet":{"width":980,"height":551,"mime-type":"image\/avif","filesize":36846,"url":"https:\/\/sjloyola.org\/wp-content\/uploads\/2025\/11\/Tiempo-adentro-13-noviembre-980x551.avif"},"et-pb-image--responsive--phone":{"width":480,"height":270,"mime-type":"image\/avif","filesize":16119,"url":"https:\/\/sjloyola.org\/wp-content\/uploads\/2025\/11\/Tiempo-adentro-13-noviembre-480x270.avif"}},"original_image":"Tiempo-adentro-13-noviembre.png"},"all_day":false,"start_date":"2025-11-13 20:15:00","start_date_details":{"year":"2025","month":"11","day":"13","hour":"20","minutes":"15","seconds":"00"},"end_date":"2025-11-13 21:00:00","end_date_details":{"year":"2025","month":"11","day":"13","hour":"21","minutes":"00","seconds":"00"},"utc_start_date":"2025-11-13 19:15:00","utc_start_date_details":{"year":"2025","month":"11","day":"13","hour":"19","minutes":"15","seconds":"00"},"utc_end_date":"2025-11-13 20:00:00","utc_end_date_details":{"year":"2025","month":"11","day":"13","hour":"20","minutes":"00","seconds":"00"},"timezone":"Europe\/Madrid","timezone_abbr":"CET","cost":"","cost_details":{"currency_symbol":"","currency_code":"","currency_position":"","values":[]},"website":"https:\/\/sjloyola.org\/eu\/event\/tiempo-adentro-bilbao\/","show_map":true,"show_map_link":true,"hide_from_listings":false,"sticky":false,"featured":false,"categories":[{"name":"Otoitzaldia","slug":"otoitzaldia","term_group":0,"term_taxonomy_id":394,"taxonomy":"tribe_events_cat","description":"","parent":0,"count":3,"filter":"raw","id":394,"urls":{"self":"https:\/\/sjloyola.org\/eu\/wp-json\/tribe\/events\/v1\/categories\/394","collection":"https:\/\/sjloyola.org\/eu\/wp-json\/tribe\/events\/v1\/categories"}}],"tags":[],"venue":{"id":9007,"author":"5","status":"publish","date":"2025-04-07 09:26:24","date_utc":"2025-04-07 07:26:24","modified":"2025-04-07 09:26:24","modified_utc":"2025-04-07 07:26:24","url":"https:\/\/sjloyola.org\/venue\/residencia-bilbao\/","venue":"Residencia Bilbao","slug":"residencia-bilbao","address":"Alameda Urquijo 7","city":"Bilbao","country":"Spain","province":"Vizcaya","zip":"48008","phone":"944154022","website":"http:\/\/residenciajesuitasbilbao.org\/","stateprovince":"Vizcaya","json_ld":{"@type":"Place","name":"Residencia Bilbao","description":"","url":"","address":{"@type":"PostalAddress","streetAddress":"Alameda Urquijo 7","addressLocality":"Bilbao","addressRegion":"Vizcaya","postalCode":"48008","addressCountry":"Spain"},"telephone":"944154022","sameAs":"http:\/\/residenciajesuitasbilbao.org\/"},"show_map":true,"show_map_link":true,"global_id":"sjloyola.org\/eu\/?id=9007","global_id_lineage":["sjloyola.org\/eu\/?id=9007"]},"organizer":[],"custom_fields":[],"json_ld":{"@context":"http:\/\/schema.org","@type":"Event","name":"Tiempo adentro Bilbao","description":"&lt;p&gt;Gure ahotsak batzen ditugu esker onez gogoratzeko UCA- El Salvadorreko martirien ondarea 36 aniversarioan \u2013 Elba eta Celina Ramos, Juan Ram\u00f3n Moreno, Joaqu\u00edn L\u00f3pez y L\u00f3pez, Amando L\u00f3pez, Ignacio Martin [&hellip;]&lt;\/p&gt;\\n","image":"https:\/\/sjloyola.org\/wp-content\/uploads\/2025\/11\/Tiempo-adentro-13-noviembre.avif","url":"https:\/\/sjloyola.org\/eu\/event\/tiempo-adentro-bilbao\/","eventAttendanceMode":"https:\/\/schema.org\/OfflineEventAttendanceMode","eventStatus":"https:\/\/schema.org\/EventScheduled","startDate":"2025-11-13T20:15:00+01:00","endDate":"2025-11-13T21:00:00+01:00","location":{"@type":"Place","name":"Residencia Bilbao","description":"","url":"","address":{"@type":"PostalAddress","streetAddress":"Alameda Urquijo 7","addressLocality":"Bilbao","addressRegion":"Vizcaya","postalCode":"48008","addressCountry":"Spain"},"telephone":"944154022","sameAs":"http:\/\/residenciajesuitasbilbao.org\/"},"performer":"Organization"},"ticketed":false}